{"id":125170,"date":"2021-08-25T11:18:02","date_gmt":"2021-08-25T15:18:02","guid":{"rendered":"https:\/\/linitiative.ca\/International\/soudan-les-casques-bleus-ethiopiens-vont-se-retirer-dabiye\/"},"modified":"2021-08-25T11:18:02","modified_gmt":"2021-08-25T15:18:02","slug":"soudan-les-casques-bleus-ethiopiens-vont-se-retirer-dabiye","status":"publish","type":"post","link":"https:\/\/linitiative.ca\/International\/soudan-les-casques-bleus-ethiopiens-vont-se-retirer-dabiye\/","title":{"rendered":"Soudan : les Casques bleus \u00e9thiopiens vont se retirer d\u2019Abiy\u00e9"},"content":{"rendered":"<div>\n<p><img loading=\"lazy\" decoding=\"async\" width=\"250\" height=\"200\" src=\"https:\/\/linitiative.ca\/International\/wp-content\/uploads\/sites\/23\/2021\/08\/16299046826046.jpg\" class=\"attachment-post-thumbnail size-post-thumbnail wp-post-image\" alt=\"\"><\/p>\n<p>La mesure sera effective dans les prochains jours, a annonc\u00e9 le gouvernement soudanais, sans donner de date exacte.Dans un communiqu\u00e9 publi\u00e9 ce mercredi, le minist\u00e8re soudanais des Affaires \u00e9trang\u00e8res a soulign\u00e9 que les Nations Unies ont accept\u00e9 de remplacer la force de maintien de la paix \u00e9thiopienne d\u00e9ploy\u00e9e \u00e0 Abiy\u00e9 par des troupes d&rsquo;autres pays contribuant aux op\u00e9rations onusiennes de maintien de la paix.<\/p>\n<p>En avril dernier, Khartoum avait demand\u00e9 \u00e0 l&rsquo;ONU de retirer la force \u00e9thiopienne de la ville frontali\u00e8re, au motif qu&rsquo;Addis-Abeba n&rsquo;\u00e9tait plus une partie neutre.<\/p>\n<p>En d\u00e9but de semaine, la ministre soudanaise des affaires \u00e9trang\u00e8res, Maryam Al-Sadiq, a tenu une r\u00e9union virtuelle avec l&rsquo;Envoy\u00e9 sp\u00e9cial des Nations Unies pour la Corne de l&rsquo;Afrique, Parfait Onanga-Anyanga, avec la participation du chef des op\u00e9rations de maintien de la paix de l&rsquo;ONU, Jean-Pierre Lacroix, et du chef du d\u00e9partement de l&rsquo;Appui op\u00e9rationnel des Nations Unies, Atul Khare.<\/p>\n<p>A l&rsquo;issue de la r\u00e9union, le minist\u00e8re a annonc\u00e9 que la r\u00e9union avait discut\u00e9 de la situation \u00e0 Abiy\u00e9, une contr\u00f4l\u00e9 par le Soudan mais dont la propri\u00e9t\u00e9 est revendiqu\u00e9e par le Soudan du Sud.<\/p>\n<p>Cet article <a rel=\"nofollow\" href=\"https:\/\/www.journalducameroun.com\/soudan-les-casques-bleus-ethiopiens-vont-se-retirer-dabiye\/\">Soudan : les Casques bleus \u00e9thiopiens vont se retirer d\u2019Abiy\u00e9<\/a> est apparu en premier sur <a rel=\"nofollow\" href=\"https:\/\/www.journalducameroun.com\/\">Journal du Cameroun<\/a>.<\/p>\n<\/div>\n<p>Auteur: APA News<br \/>\n<a href=\"https:\/\/www.journalducameroun.com\/soudan-les-casques-bleus-ethiopiens-vont-se-retirer-dabiye\/\">Cliquez ici pour lire l&rsquo;article depuis sa source.<\/a><\/p>\n","protected":false},"excerpt":{"rendered":"<p>La mesure sera effective dans les prochains jours, a annonc\u00e9 le gouvernement soudanais, sans donner de date exacte.Dans un communiqu\u00e9 publi\u00e9 ce mercredi, le minist\u00e8re soudanais des Affaires \u00e9trang\u00e8res a soulign\u00e9 que les Nations Unies ont accept\u00e9 de remplacer la force de maintien de la paix \u00e9thiopienne d\u00e9ploy\u00e9e \u00e0 Abiy\u00e9 par des troupes d&rsquo;autres pays [&hellip;]<\/p>\n","protected":false},"author":1965,"featured_media":0,"comment_status":"closed","ping_status":"closed","sticky":false,"template":"","format":"standard","meta":{"fifu_image_url":"https:\/\/www.journalducameroun.com\/wp-content\/uploads\/2021\/08\/16299046826046.jpg","fifu_image_alt":"Soudan : les Casques bleus \u00e9thiopiens vont se retirer d\u2019Abiy\u00e9","footnotes":""},"categories":[73,82],"tags":[],"class_list":["post-125170","post","type-post","status-publish","format-standard","hentry","category-actualite","category-cameroun"],"_links":{"self":[{"href":"https:\/\/linitiative.ca\/International\/wp-json\/wp\/v2\/posts\/125170","targetHints":{"allow":["GET"]}}],"collection":[{"href":"https:\/\/linitiative.ca\/International\/wp-json\/wp\/v2\/posts"}],"about":[{"href":"https:\/\/linitiative.ca\/International\/wp-json\/wp\/v2\/types\/post"}],"author":[{"embeddable":true,"href":"https:\/\/linitiative.ca\/International\/wp-json\/wp\/v2\/users\/1965"}],"replies":[{"embeddable":true,"href":"https:\/\/linitiative.ca\/International\/wp-json\/wp\/v2\/comments?post=125170"}],"version-history":[{"count":0,"href":"https:\/\/linitiative.ca\/International\/wp-json\/wp\/v2\/posts\/125170\/revisions"}],"wp:attachment":[{"href":"https:\/\/linitiative.ca\/International\/wp-json\/wp\/v2\/media?parent=125170"}],"wp:term":[{"taxonomy":"category","embeddable":true,"href":"https:\/\/linitiative.ca\/International\/wp-json\/wp\/v2\/categories?post=125170"},{"taxonomy":"post_tag","embeddable":true,"href":"https:\/\/linitiative.ca\/International\/wp-json\/wp\/v2\/tags?post=125170"}],"curies":[{"name":"wp","href":"https:\/\/api.w.org\/{rel}","templated":true}]}}