{"id":125172,"date":"2021-08-25T12:18:01","date_gmt":"2021-08-25T16:18:01","guid":{"rendered":"https:\/\/linitiative.ca\/International\/nigeria-attaque-contre-lacademie-de-defense\/"},"modified":"2021-08-25T12:18:01","modified_gmt":"2021-08-25T16:18:01","slug":"nigeria-attaque-contre-lacademie-de-defense","status":"publish","type":"post","link":"https:\/\/linitiative.ca\/International\/nigeria-attaque-contre-lacademie-de-defense\/","title":{"rendered":"Nigeria : attaque contre l\u2019Acad\u00e9mie de d\u00e9fense"},"content":{"rendered":"<div>\n<p><img loading=\"lazy\" decoding=\"async\" width=\"250\" height=\"200\" src=\"https:\/\/linitiative.ca\/International\/wp-content\/uploads\/sites\/23\/2021\/08\/16299082826719.jpg\" class=\"attachment-post-thumbnail size-post-thumbnail wp-post-image\" alt=\"\"><\/p>\n<p>L&rsquo;Acad\u00e9mie de d\u00e9fense nig\u00e9riane (NDA) a pr\u00e9cis\u00e9 que des hommes arm\u00e9s inconnus ont eu acc\u00e8s \u00e0 sa zone r\u00e9sidentielle situ\u00e9e \u00e0 Afaka, dans l&rsquo;Etat de Kaduna.Le Major Bachir Muhd Jajira, responsable des relations publiques de l&rsquo;Acad\u00e9mie, a d\u00e9plor\u00e9 que lors de ce malheureux incident survenu, hier mardi, \u00ab nous avons perdu deux membres du personnel et un a \u00e9t\u00e9 enlev\u00e9 \u00bb.<\/p>\n<p>Il a soulign\u00e9 que l&rsquo;Acad\u00e9mie a, en collaboration avec la 1\u00e8re division de l&rsquo;Arm\u00e9e nig\u00e9riane et le Commandement de l&rsquo;entra\u00eenement a\u00e9rien, ainsi que d&rsquo;autres agences de s\u00e9curit\u00e9 de l&rsquo;Etat de Kaduna, lanc\u00e9 la traque des assaillants sur l&rsquo;ensemble de la zone, afin de les arr\u00eater et de sauver la vie de l&rsquo;agents enlev\u00e9.<\/p>\n<p>\u00ab La communaut\u00e9 et les cadets de la NDA sont en s\u00e9curit\u00e9 dans l&rsquo;Acad\u00e9mie. Nous assurons le grand public que ces hommes arm\u00e9s inconnus seront bient\u00f4t appr\u00e9hend\u00e9s et le personnel enlev\u00e9 secouru \u00bb, a rassur\u00e9 le Major Bachir Muhd Jajira.<\/p>\n<p>L&rsquo;enl\u00e8vement contre ran\u00e7on est devenu une pratique tr\u00e8s lucrative au Nigeria. Il est l&rsquo;\u0153uvre de jeunes r\u00e9volt\u00e9s, de bergers arm\u00e9s et de bandits du nord du pays.<\/p>\n<p>Cet article <a rel=\"nofollow\" href=\"https:\/\/www.journalducameroun.com\/nigeria-attaque-contre-lacademie-de-defense\/\">Nigeria : attaque contre l\u2019Acad\u00e9mie de d\u00e9fense<\/a> est apparu en premier sur <a rel=\"nofollow\" href=\"https:\/\/www.journalducameroun.com\/\">Journal du Cameroun<\/a>.<\/p>\n<\/div>\n<p>Auteur: APA News<br \/>\n<a href=\"https:\/\/www.journalducameroun.com\/nigeria-attaque-contre-lacademie-de-defense\/\">Cliquez ici pour lire l&rsquo;article depuis sa source.<\/a><\/p>\n","protected":false},"excerpt":{"rendered":"<p>L&rsquo;Acad\u00e9mie de d\u00e9fense nig\u00e9riane (NDA) a pr\u00e9cis\u00e9 que des hommes arm\u00e9s inconnus ont eu acc\u00e8s \u00e0 sa zone r\u00e9sidentielle situ\u00e9e \u00e0 Afaka, dans l&rsquo;Etat de Kaduna.Le Major Bachir Muhd Jajira, responsable des relations publiques de l&rsquo;Acad\u00e9mie, a d\u00e9plor\u00e9 que lors de ce malheureux incident survenu, hier mardi, \u00ab nous avons perdu deux membres du personnel [&hellip;]<\/p>\n","protected":false},"author":1965,"featured_media":0,"comment_status":"closed","ping_status":"closed","sticky":false,"template":"","format":"standard","meta":{"fifu_image_url":"https:\/\/www.journalducameroun.com\/wp-content\/uploads\/2021\/08\/16299082826719.jpg","fifu_image_alt":"Nigeria : attaque contre l\u2019Acad\u00e9mie de d\u00e9fense","footnotes":""},"categories":[73,82],"tags":[],"class_list":["post-125172","post","type-post","status-publish","format-standard","hentry","category-actualite","category-cameroun"],"_links":{"self":[{"href":"https:\/\/linitiative.ca\/International\/wp-json\/wp\/v2\/posts\/125172","targetHints":{"allow":["GET"]}}],"collection":[{"href":"https:\/\/linitiative.ca\/International\/wp-json\/wp\/v2\/posts"}],"about":[{"href":"https:\/\/linitiative.ca\/International\/wp-json\/wp\/v2\/types\/post"}],"author":[{"embeddable":true,"href":"https:\/\/linitiative.ca\/International\/wp-json\/wp\/v2\/users\/1965"}],"replies":[{"embeddable":true,"href":"https:\/\/linitiative.ca\/International\/wp-json\/wp\/v2\/comments?post=125172"}],"version-history":[{"count":0,"href":"https:\/\/linitiative.ca\/International\/wp-json\/wp\/v2\/posts\/125172\/revisions"}],"wp:attachment":[{"href":"https:\/\/linitiative.ca\/International\/wp-json\/wp\/v2\/media?parent=125172"}],"wp:term":[{"taxonomy":"category","embeddable":true,"href":"https:\/\/linitiative.ca\/International\/wp-json\/wp\/v2\/categories?post=125172"},{"taxonomy":"post_tag","embeddable":true,"href":"https:\/\/linitiative.ca\/International\/wp-json\/wp\/v2\/tags?post=125172"}],"curies":[{"name":"wp","href":"https:\/\/api.w.org\/{rel}","templated":true}]}}