{"id":125176,"date":"2021-08-25T14:15:11","date_gmt":"2021-08-25T18:15:11","guid":{"rendered":"https:\/\/linitiative.ca\/International\/cameroun-une-reflexion-pour-evaluer-limpact-du-covid-19-sur-les-couches-sociales-vulnerables\/"},"modified":"2021-08-25T14:15:11","modified_gmt":"2021-08-25T18:15:11","slug":"cameroun-une-reflexion-pour-evaluer-limpact-du-covid-19-sur-les-couches-sociales-vulnerables","status":"publish","type":"post","link":"https:\/\/linitiative.ca\/International\/cameroun-une-reflexion-pour-evaluer-limpact-du-covid-19-sur-les-couches-sociales-vulnerables\/","title":{"rendered":"Cameroun : une r\u00e9flexion pour \u00e9valuer l\u2019impact du Covid-19 sur les couches sociales vuln\u00e9rables"},"content":{"rendered":"<div>\n<p><img loading=\"lazy\" decoding=\"async\" width=\"4160\" height=\"2352\" src=\"https:\/\/linitiative.ca\/International\/wp-content\/uploads\/sites\/23\/2021\/08\/P_20210825_104133.jpg\" class=\"attachment-post-thumbnail size-post-thumbnail wp-post-image\" alt=\"\" srcset=\"https:\/\/linitiative.ca\/International\/wp-content\/uploads\/sites\/23\/2021\/08\/P_20210825_104133.jpg 4160w, https:\/\/www.journalducameroun.com\/wp-content\/uploads\/2021\/08\/P_20210825_104133-300x170.jpg 300w, https:\/\/www.journalducameroun.com\/wp-content\/uploads\/2021\/08\/P_20210825_104133-768x434.jpg 768w, https:\/\/www.journalducameroun.com\/wp-content\/uploads\/2021\/08\/P_20210825_104133-1024x579.jpg 1024w, https:\/\/www.journalducameroun.com\/wp-content\/uploads\/2021\/08\/P_20210825_104133-780x440.jpg 780w, https:\/\/www.journalducameroun.com\/wp-content\/uploads\/2021\/08\/P_20210825_104133-380x215.jpg 380w, https:\/\/www.journalducameroun.com\/wp-content\/uploads\/2021\/08\/P_20210825_104133-160x90.jpg 160w, https:\/\/www.journalducameroun.com\/wp-content\/uploads\/2021\/08\/P_20210825_104133-240x135.jpg 240w, https:\/\/www.journalducameroun.com\/wp-content\/uploads\/2021\/08\/P_20210825_104133-778x440.jpg 778w, https:\/\/www.journalducameroun.com\/wp-content\/uploads\/2021\/08\/P_20210825_104133-600x339.jpg 600w\" sizes=\"auto, (max-width: 4160px) 100vw, 4160px\"><\/p>\n<h5 style=\"text-align: justify;\"><span style=\"font-size: 18pt;\">C\u2019est le but d\u2019un atelier d\u2019\u00e9change de deux jours qui s\u2019est ouvert ce 25 ao\u00fbt 2021 \u00e0 Yaound\u00e9.<\/span><\/h5>\n<p style=\"text-align: justify;\">\n<p style=\"text-align: justify;\"><span style=\"font-size: 18pt;\">\u00ab\u00a0<em>Dans la for\u00eat, nous ne savons pas ce qu\u2019on appelle Covid-19. Pourtant nous sommes expos\u00e9s aux gens qui viennent de la ville et peuvent transmettre cette maladie. Et s\u2019il arrive que nous soyons contamin\u00e9s, je<\/em><\/span><span style=\"font-size: 18pt;\"><em> n<\/em><\/span><span style=\"font-size: 18pt;\"><em>e<\/em><\/span><span style=\"font-size: 18pt;\"><em> sais pas si aurons la plante qu\u2019il faut pour se soigner, tellement la d\u00e9forestation tue notre milieu naturel\u00a0<\/em>\u00bb, regrette <strong>Moua Jeanne<\/strong>, pygm\u00e9e, originaire de la r\u00e9gion du Sud, membre d\u2019une \u00a0l\u2019Association de d\u00e9fense des droits des peuples autochtones.<\/span><\/p>\n<p style=\"text-align: justify;\"><span style=\"font-size: 18pt;\">Comme elle, ils sont nombreux qui participent \u00e0 l\u2019atelier d\u2019\u00e9change sur l\u2019impact \u00a0du Covid-19 sur les personnes vuln\u00e9rables. Les femmes en situation de faiblesse physique, psychique et \u00e9conomique, les femmes vivant avec un handicap, les femmes autochtones, les femmes d\u00e9plac\u00e9es internes et les femmes vivant avec le VIH Sida etc.<\/span><\/p>\n<p style=\"text-align: justify;\"><span style=\"font-size: 18pt;\">\u00ab\u00a0<em>Face \u00e0 la pand\u00e9mie, les femmes issues des cat\u00e9gories vuln\u00e9rables se retrouvent en situation de double vuln\u00e9rabilit\u00e9, discrimin\u00e9s et marginalis\u00e9es en tant que femmes d\u2019une part, et d\u2019autre part, oubli\u00e9es et abandonn\u00e9es<\/em>\u00a0\u00bb, d\u00e9nonce <strong>Pauline Ir\u00e8ne Nguene<\/strong>, le ministre des Affaires sociales.<\/span><\/p>\n<p style=\"text-align: justify;\"><span style=\"font-size: 18pt;\">Les 50 participants \u00e0 l\u2019atelier \u00e9valuent le niveau d\u2019inclusion de ces groupes vuln\u00e9rables dans la r\u00e9ponse sanitaire \u00e0 la pand\u00e9mie du Covid-19. \u00a0Apr\u00e8s le diagnostic de la situation, des recommandations vont \u00eatre formul\u00e9es au profit des d\u00e9cideurs et des acteurs sociaux notamment.<\/span><\/p>\n<p style=\"text-align: justify;\"><span style=\"font-size: 18pt;\">L\u2019atelier d\u2019\u00e9change est organis\u00e9 par le Centre des Nations unies pour les Droits de l\u2019Homme et la d\u00e9mocratie en Afrique centrale (<strong>CNUDHD-AC<\/strong>) et financ\u00e9 par le <strong>Royaume de Belgique<\/strong>.<\/span><\/p>\n<p style=\"text-align: justify;\">\n<p>Cet article <a rel=\"nofollow\" href=\"https:\/\/www.journalducameroun.com\/cameroun-une-reflexion-pour-evaluer-limpact-du-covid-19-sur-les-couches-sociales-vulnerables-cameroun\/\">Cameroun : une r\u00e9flexion pour \u00e9valuer l\u2019impact du Covid-19 sur les couches sociales vuln\u00e9rables<\/a> est apparu en premier sur <a rel=\"nofollow\" href=\"https:\/\/www.journalducameroun.com\/\">Journal du Cameroun<\/a>.<\/p>\n<\/div>\n<p>Auteur: Christian DJIMADEU<br \/>\n<a href=\"https:\/\/www.journalducameroun.com\/cameroun-une-reflexion-pour-evaluer-limpact-du-covid-19-sur-les-couches-sociales-vulnerables-cameroun\/\">Cliquez ici pour lire l&rsquo;article depuis sa source.<\/a><\/p>\n","protected":false},"excerpt":{"rendered":"<p>C\u2019est le but d\u2019un atelier d\u2019\u00e9change de deux jours qui s\u2019est ouvert ce 25 ao\u00fbt 2021 \u00e0 Yaound\u00e9. \u00ab\u00a0Dans la for\u00eat, nous ne savons pas ce qu\u2019on appelle Covid-19. Pourtant nous sommes expos\u00e9s aux gens qui viennent de la ville et peuvent transmettre cette maladie. Et s\u2019il arrive que nous soyons contamin\u00e9s, je ne sais [&hellip;]<\/p>\n","protected":false},"author":1965,"featured_media":0,"comment_status":"closed","ping_status":"closed","sticky":false,"template":"","format":"standard","meta":{"fifu_image_url":"https:\/\/www.journalducameroun.com\/wp-content\/uploads\/2021\/08\/P_20210825_104133.jpg","fifu_image_alt":"Cameroun : une r\u00e9flexion pour \u00e9valuer l\u2019impact du Covid-19 sur les couches sociales vuln\u00e9rables","footnotes":""},"categories":[73,82],"tags":[],"class_list":["post-125176","post","type-post","status-publish","format-standard","hentry","category-actualite","category-cameroun"],"_links":{"self":[{"href":"https:\/\/linitiative.ca\/International\/wp-json\/wp\/v2\/posts\/125176","targetHints":{"allow":["GET"]}}],"collection":[{"href":"https:\/\/linitiative.ca\/International\/wp-json\/wp\/v2\/posts"}],"about":[{"href":"https:\/\/linitiative.ca\/International\/wp-json\/wp\/v2\/types\/post"}],"author":[{"embeddable":true,"href":"https:\/\/linitiative.ca\/International\/wp-json\/wp\/v2\/users\/1965"}],"replies":[{"embeddable":true,"href":"https:\/\/linitiative.ca\/International\/wp-json\/wp\/v2\/comments?post=125176"}],"version-history":[{"count":0,"href":"https:\/\/linitiative.ca\/International\/wp-json\/wp\/v2\/posts\/125176\/revisions"}],"wp:attachment":[{"href":"https:\/\/linitiative.ca\/International\/wp-json\/wp\/v2\/media?parent=125176"}],"wp:term":[{"taxonomy":"category","embeddable":true,"href":"https:\/\/linitiative.ca\/International\/wp-json\/wp\/v2\/categories?post=125176"},{"taxonomy":"post_tag","embeddable":true,"href":"https:\/\/linitiative.ca\/International\/wp-json\/wp\/v2\/tags?post=125176"}],"curies":[{"name":"wp","href":"https:\/\/api.w.org\/{rel}","templated":true}]}}