{"id":125178,"date":"2021-08-25T14:18:02","date_gmt":"2021-08-25T18:18:02","guid":{"rendered":"https:\/\/linitiative.ca\/International\/maroc-le-digital-nouvel-arme-des-candidats-aux-elections-du-8-septembre\/"},"modified":"2021-08-25T14:18:02","modified_gmt":"2021-08-25T18:18:02","slug":"maroc-le-digital-nouvel-arme-des-candidats-aux-elections-du-8-septembre","status":"publish","type":"post","link":"https:\/\/linitiative.ca\/International\/maroc-le-digital-nouvel-arme-des-candidats-aux-elections-du-8-septembre\/","title":{"rendered":"Maroc: Le digital, nouvel arme des candidats aux \u00e9lections du 8 septembre"},"content":{"rendered":"<div>\n<p><img loading=\"lazy\" decoding=\"async\" width=\"1066\" height=\"1600\" src=\"https:\/\/linitiative.ca\/International\/wp-content\/uploads\/sites\/23\/2021\/08\/16299154825755.jpg\" class=\"attachment-post-thumbnail size-post-thumbnail wp-post-image\" alt=\"\" srcset=\"https:\/\/linitiative.ca\/International\/wp-content\/uploads\/sites\/23\/2021\/08\/16299154825755.jpg 1066w, https:\/\/www.journalducameroun.com\/wp-content\/uploads\/2021\/08\/16299154825755-200x300.jpg 200w, https:\/\/www.journalducameroun.com\/wp-content\/uploads\/2021\/08\/16299154825755-768x1153.jpg 768w, https:\/\/www.journalducameroun.com\/wp-content\/uploads\/2021\/08\/16299154825755-682x1024.jpg 682w, https:\/\/www.journalducameroun.com\/wp-content\/uploads\/2021\/08\/16299154825755-293x440.jpg 293w, https:\/\/www.journalducameroun.com\/wp-content\/uploads\/2021\/08\/16299154825755-600x901.jpg 600w\" sizes=\"auto, (max-width: 1066px) 100vw, 1066px\"><\/p>\n<p>Propos recueillis par Hicham Alaoui &#8212;  La campagne \u00e9lectorale d\u00e9marre ce jeudi 26 ao\u00fbt.<br \/>\nCrise sanitaire oblige, l&rsquo;ambiance s&rsquo;annonce plut\u00f4t feutr\u00e9e pour la majorit\u00e9 des formations politiques qui ont mis\u00e9 sur le digital pour mener \u00e0 bien leur campagne.Khadija Sensar, sp\u00e9cialiste en communication d&rsquo;influence consid\u00e8re que la pand\u00e9mie de la Covid-19 a sonn\u00e9 la fin du \u00ab porte \u00e0 porte \u00bb, l&rsquo;une des m\u00e9thodes les plus anciennes et les plus privil\u00e9gi\u00e9es des candidats aux \u00e9lections.<\/p>\n<p>Pour cette ex-conseill\u00e8re de plusieurs ministres marocains, le digital est une \u00ab aubaine \u00e0 saisir \u00bb, surtout que les \u00ab candidats n&rsquo;auront pas \u00e0 mobiliser d&rsquo;\u00e9normes budgets pour leurs compagnes \u00bb. Au contraire, dit-elle \u00ab un budget de communication bien \u00e9tudi\u00e9 et r\u00e9fl\u00e9chi peut permettre au candidat de faire une grande \u00e9conomie et d&rsquo;\u00eatre plus efficace en termes de retomb\u00e9es \u00bb.<\/p>\n<p>En tout cas, \u00e0 moins de deux jours du coup d&rsquo;envoi de la campagne, l&rsquo;engouement pour le digital se fait d\u00e9j\u00e0 sentir. \u00a0\u00ab YouTube, Facebook, Twitter, Instagram et m\u00eame Tik tok sont entr\u00e9s en jeu et en comp\u00e9tition. Des community managers ont \u00e9t\u00e9 recrut\u00e9s et des sp\u00e9cialistes en \u00ab e-reputation sont d\u00e9sormais aux cot\u00e9s de la plupart des top management des partis \u00bb, a soulign\u00e9 Mme Khadija Sensar.<\/p>\n<p>Selon elle, \u00ab quatre formations politiques se sont lanc\u00e9es dans une communication digitale agressive et assez bien orchestr\u00e9e, tandis qu&rsquo;une autre se positionne \u00e0 part par une ma\u00eetrise et des choix bien cibl\u00e9s \u00bb.<\/p>\n<p>L&rsquo;enjeu est de taille, comme l&rsquo;affirme cette experte en communication. \u00ab Les messages passeront rapidement et d&rsquo;une mani\u00e8re plus fluide voir concise. Fini les discours interminables qui prenaient des heures. Aujourd&rsquo;hui, chaque \u00e9lecteur constitue une cible \u00e0 part qui, une fois install\u00e9e devant son smartphone ou son ordinateur portable, peut voir d\u00e9filer \u00e0 longueur de journ\u00e9e des \u00e9missions, des stories ou encore des reels. A lui seul revient le choix de suivre tel parti ou tel candidat, mais au parti aussi de s&rsquo;appuyer sur \u00ab l&rsquo;inboud marketing \u00bb qui politiquement parlant consiste \u00e0 s\u00e9duire l&rsquo;\u00e9lecteur par un contenu et \u00e0 influencer ses choix au lieu d&rsquo;aller vers lui physiquement.<\/p>\n<p>Le digital offre aussi la possibilit\u00e9 d&rsquo;une communication \u00e0 double sens. \u00a0\u00ab S&rsquo;ils arrivent \u00e0 saisir l&rsquo;opportunit\u00e9 d&rsquo;une communication orient\u00e9e influence digitale, les partis politiques auront gagn\u00e9, avec une approche respectueuse, l&rsquo;\u00e9lecteur qui sera consid\u00e9r\u00e9 et valoris\u00e9 en tant que citoyen d&rsquo;abords avant d&rsquo;\u00eatre une voix. Un citoyen pour qui on fournit l&rsquo;effort d&rsquo;expliquer et de convaincre au lieu de passer comme un coup de vent dans les meetings. Qu&rsquo;on le veuille ou non, la communication digitale personnalise le contact \u00bb. Mais encore faut-il que le message soit sain et vrai, insiste Khadija Sensar.<\/p>\n<p>Cependant, la digitalisation de la campagne \u00e9lectorale devrait r\u00e9pondre \u00e0 certaines normes. Parmi celles-ci, la mise en place en place d&rsquo;une ligne \u00e9ditoriale. \u00ab La mise en place d&rsquo;une ligne \u00e9ditoriale est cruciale et son respect l&rsquo;est encore plus. Cela est n\u00e9cessaire pour renforcer le capital confiance du parti\/candidat \u00bb, a-t-elle ajout\u00e9.<\/p>\n<p>Surtout que \u00ab les \u00e9lecteurs aujourd&rsquo;hui sont devenus plus exigeants, particuli\u00e8rement les jeunes et tous ceux qui comprennent les enjeux de la politique et des politiciens, rappelle Mme Sensar, tout en rappelant qu&rsquo;il est du devoir de chacun de voter le 8 septembre prochain.<\/p>\n<p>Cet article <a rel=\"nofollow\" href=\"https:\/\/www.journalducameroun.com\/maroc-le-digital-nouvel-arme-des-candidats-aux-elections-du-8-septembre\/\">Maroc: Le digital, nouvel arme des candidats aux \u00e9lections du 8 septembre<\/a> est apparu en premier sur <a rel=\"nofollow\" href=\"https:\/\/www.journalducameroun.com\/\">Journal du Cameroun<\/a>.<\/p>\n<\/div>\n<p>Auteur: APA News<br \/>\n<a href=\"https:\/\/www.journalducameroun.com\/maroc-le-digital-nouvel-arme-des-candidats-aux-elections-du-8-septembre\/\">Cliquez ici pour lire l&rsquo;article depuis sa source.<\/a><\/p>\n","protected":false},"excerpt":{"rendered":"<p>Propos recueillis par Hicham Alaoui &#8212; La campagne \u00e9lectorale d\u00e9marre ce jeudi 26 ao\u00fbt. Crise sanitaire oblige, l&rsquo;ambiance s&rsquo;annonce plut\u00f4t feutr\u00e9e pour la majorit\u00e9 des formations politiques qui ont mis\u00e9 sur le digital pour mener \u00e0 bien leur campagne.Khadija Sensar, sp\u00e9cialiste en communication d&rsquo;influence consid\u00e8re que la pand\u00e9mie de la Covid-19 a sonn\u00e9 la fin [&hellip;]<\/p>\n","protected":false},"author":1965,"featured_media":0,"comment_status":"closed","ping_status":"closed","sticky":false,"template":"","format":"standard","meta":{"fifu_image_url":"https:\/\/www.journalducameroun.com\/wp-content\/uploads\/2021\/08\/16299154825755.jpg","fifu_image_alt":"Maroc: Le digital, nouvel arme des candidats aux \u00e9lections du 8 septembre","footnotes":""},"categories":[73,82],"tags":[],"class_list":["post-125178","post","type-post","status-publish","format-standard","hentry","category-actualite","category-cameroun"],"_links":{"self":[{"href":"https:\/\/linitiative.ca\/International\/wp-json\/wp\/v2\/posts\/125178","targetHints":{"allow":["GET"]}}],"collection":[{"href":"https:\/\/linitiative.ca\/International\/wp-json\/wp\/v2\/posts"}],"about":[{"href":"https:\/\/linitiative.ca\/International\/wp-json\/wp\/v2\/types\/post"}],"author":[{"embeddable":true,"href":"https:\/\/linitiative.ca\/International\/wp-json\/wp\/v2\/users\/1965"}],"replies":[{"embeddable":true,"href":"https:\/\/linitiative.ca\/International\/wp-json\/wp\/v2\/comments?post=125178"}],"version-history":[{"count":0,"href":"https:\/\/linitiative.ca\/International\/wp-json\/wp\/v2\/posts\/125178\/revisions"}],"wp:attachment":[{"href":"https:\/\/linitiative.ca\/International\/wp-json\/wp\/v2\/media?parent=125178"}],"wp:term":[{"taxonomy":"category","embeddable":true,"href":"https:\/\/linitiative.ca\/International\/wp-json\/wp\/v2\/categories?post=125178"},{"taxonomy":"post_tag","embeddable":true,"href":"https:\/\/linitiative.ca\/International\/wp-json\/wp\/v2\/tags?post=125178"}],"curies":[{"name":"wp","href":"https:\/\/api.w.org\/{rel}","templated":true}]}}