{"id":125180,"date":"2021-08-25T09:20:59","date_gmt":"2021-08-25T13:20:59","guid":{"rendered":"https:\/\/linitiative.ca\/International\/affaire-leubou-et-cie-les-avocats-des-accuses-plaident-pour-le-remboursement-des-avances-de-solde\/"},"modified":"2021-08-25T09:20:59","modified_gmt":"2021-08-25T13:20:59","slug":"affaire-leubou-et-cie-les-avocats-des-accuses-plaident-pour-le-remboursement-des-avances-de-solde","status":"publish","type":"post","link":"https:\/\/linitiative.ca\/International\/affaire-leubou-et-cie-les-avocats-des-accuses-plaident-pour-le-remboursement-des-avances-de-solde\/","title":{"rendered":"Affaire Leubou et Cie : les avocats des accus\u00e9s plaident pour le remboursement des avances de solde"},"content":{"rendered":"<div>\n<p>Les avocats de la d\u00e9fense font bloc. Ils s\u2019\u00e9rigent contre\u00a0 la dilapidation de la fortune publique. C\u2019est ainsi qu\u2019\u00e0 l\u2019audience du 20 ao\u00fbt 2020, le Conseil d\u2019Emmanuel Leubou d\u00e9cide de rompre le silence. Contre toute attente, il soumet une requ\u00eate verbale \u00e0 l\u2019attention du Tribunal. Ceci, \u00a0\u00e0 l\u2019effet\u00a0\u00ab d\u2019obtenir que le Tribunal ordonne le repositionnement de tous les cr\u00e9dits des avances de solde dont on conna\u00eet les b\u00e9n\u00e9ficiaires, (parmi lesquels figurent certains de vos coll\u00e8gues) et dont le remboursement a \u00e9t\u00e9 annul\u00e9s.\u00a0\u00bb\u00a0Son coll\u00e8gue, Me Tchudje Christophe rench\u00e9rit\u00a0:\u00a0\u00ab\u00a0Il est absurde de continuer de donner\u00a0 chaque mois, de l\u2019argent \u00e0 des personnes qui doivent d\u00e9j\u00e0 de l\u2019argent \u00e0 l\u2019Etat, et qui continuent de percevoir de l\u2019argent. \u00bb\u00a0Pour s\u2019en convaincre, le d\u00e9fenseur de l\u2019accus\u00e9 Lefang C\u00e9lestine Nkeng mart\u00e8le :\u00a0<em>\u00ab\u00a0Vous avez la liste et les matricules\u00a0 de ces personnes. Des personnes parfois insoup\u00e7onn\u00e9es. Certains sont m\u00eame dans cette salle.\u00a0\u00bb<\/em><\/p>\n<p>Dans le m\u00eame ordre d\u2019id\u00e9es, Me Francis Choupo fait valoir l\u2019opportunit\u00e9 de la demande introduite par son coll\u00e8gue. Il l\u2019a justifi\u00e9\u00a0 dans la mesure o\u00f9,\u00a0le t\u00e9moin de l\u2019accusation, monsieur Biteck a affirm\u00e9 ici plusieurs fois\u00a0\u00ab\u00a0qu\u2019il suffisait que votre Tribunal leur donne l\u2019autorisation \u00e0 eux fonctionnaires encore en activit\u00e9, pour qu\u2019ils proc\u00e8dent au repositionnement.\u00a0\u00bb<em>\u00a0<\/em>L\u2019Avocat de l\u2019accus\u00e9 Amadou Haman attire l\u2019attention du Tribunal sur la n\u00e9cessit\u00e9 de prendre cette mesure dans les temps requis. A cet effet, il d\u00e9nonce les lenteurs judiciaires. Des lenteurs pr\u00e9judiciables au recouvrement par l\u2019Etat, des fonds dont il a \u00e9t\u00e9 frauduleusement d\u00e9pouill\u00e9\u00a0:\u00a0\u00ab\u00a0Malgr\u00e9 les efforts que vous fournissez pour voir ce proc\u00e8s connaitre un d\u00e9nouement dans des d\u00e9lais raisonnables, nous sommes d\u00e9j\u00e0 \u00e0 deux ans de proc\u00e9dures et n\u2019avons m\u00eame pas achev\u00e9 avec l\u2019audition des t\u00e9moins de l\u2019accusation. Or, entre-temps, certains b\u00e9n\u00e9ficiaires de ces avances de soldes peuvent d\u00e9c\u00e9der.\u00a0\u00bb\u00a0Hormis les lenteurs judiciaires, Me Choupo se veut craintif sur l\u2019incapacit\u00e9 de certains fonctionnaires \u00e0 pouvoir rembourser l\u2019argent de l\u2019Etat, si ces derniers venaient \u00e0 cesser leur activit\u00e9\u00a0aupr\u00e8s de leur employeur:\u00a0\u00ab D\u2019autres (fonctionnaires, Ndlr) qui sont encore en activit\u00e9 vont aller \u00e0 la retraite et n\u2019auront plus les m\u00eames revenus.\u00a0\u00bb\u00a0D\u00e8s lors, Me Choupo plaide, qu\u2019il plaise, en attendant que ce proc\u00e8s se termine,\u00a0\u00ab\u00a0d\u2019ordonner cette mesure d\u2019instruction. La loi vous donnant la possibilit\u00e9 de la faire.\u00a0\u00bb\u00a0Son coll\u00e8gue, Me Tchudje ne manque pas de pr\u00e9ciser que la demande effectu\u00e9e\u00a0\u00ab\u00a0n\u2019emp\u00eachera pas de s\u2019int\u00e9resser aux m\u00e9canismes qui ont abouti \u00e0 la spoliation de l\u2019argent de l\u2019Etat.\u00a0<em>\u00bb<\/em><\/p>\n<p><strong>Un aveu de culpabilit\u00e9\u00a0?<\/strong><\/p>\n<p>Apr\u00e8s avoir \u00e9cout\u00e9 ses contradicteurs, le Minist\u00e8re public prend la parole. L\u2019Avocat g\u00e9n\u00e9ral y voit \u00e0 travers cette requ\u00eate de la partie d\u00e9fenderesse, un aveu de culpabilit\u00e9. Il note que les accus\u00e9s viennent d\u2019user des dispositions de l\u2019article 369 du Code de proc\u00e9dure p\u00e9nal. Lequel dispose\u00a0:\u00a0\u00ab\u00a0le pr\u00e9venu\u00a0 qui a plaid\u00e9 non coupable peut, \u00e0 tout moment du proc\u00e8s,\u00a0 changer d\u2019avis et plaider coupable, auquel cas, le Tribunal proc\u00e8de conform\u00e9ment aux dispositions des articles 361 (1) et 362.\u00a0\u00bb<em>\u00a0<\/em>De l\u2019avis du Parquet g\u00e9n\u00e9ral,<em>\u00a0<\/em>\u00ab\u00a0On ne peut pas appeler cela autrement que le plaider coupable<em>.<\/em>\u00a0\u00bb Et de s\u2019interroger\u00a0:\u00a0\u00ab\u00a0\u00a0En quoi le repositionnement va influencer les faits en jugement dans cette proc\u00e9dure\u00a0?\u00bb Sur la forme, le repr\u00e9sentant du Minist\u00e8re public d\u00e9nie aux Avocats des accus\u00e9s, la qualit\u00e9 \u00e0 pouvoir d\u00e9fendre une telle requ\u00eate.<\/p>\n<p>L\u2019Etat, repr\u00e9sent\u00e9 en tant que partie civile au proc\u00e8s par Me Atangana Ayissi sollicite du temps\u00a0:\u00ab\u00a0Nous ne pouvons pas prendre la parole sans avoir recueilli l\u2019avis de notre client, l\u2019Etat du Cameroun. Pour cela, nous sollicitons un renvoi.\u00a0\u00bb<em>\u00a0<\/em>Me Kangue et Honor\u00e9 Mbang s\u2019associent \u00e0 la posture adopt\u00e9e par leur coll\u00e8gue, Me Atangana Ayissi.<\/p>\n<p>La demande formul\u00e9e par les Avocats de la d\u00e9fense a lieu au terme de l\u2019interrogatoire du t\u00e9moin du Minist\u00e8re public, monsieur Biteck. Cette demande est li\u00e9e aux avances de soldes et de pensions, ind\u00fbment attribu\u00e9es \u00e0 des agents de l\u2019Etat. Ces derniers vont proc\u00e9der par la suite aux remboursements. Des remboursements qui seront annul\u00e9s, privant ainsi l\u2019\u00c9tat de ses ressources financi\u00e8res.<\/p>\n<p><strong>Ren\u00e9 Ombala\u00a0<\/strong>\u00a0<\/p>\n<p>L\u2019article <a rel=\"nofollow\" href=\"https:\/\/ecomatin.net\/affaire-leubou-et-cie-les-avocats-des-accuses-plaident-t-pour-le-remboursement-des-avances-de-solde\/\">Affaire Leubou et Cie : les avocats des accus\u00e9s plaident pour le remboursement des avances de solde<\/a> est apparu en premier sur <a rel=\"nofollow\" href=\"https:\/\/ecomatin.net\/\">EcoMatin<\/a>.<\/p>\n<\/div>\n<p>Auteur: EcoMatin<br \/>\n<a href=\"https:\/\/ecomatin.net\/affaire-leubou-et-cie-les-avocats-des-accuses-plaident-t-pour-le-remboursement-des-avances-de-solde\/\">Cliquez ici pour lire l&rsquo;article depuis sa source.<\/a><\/p>\n","protected":false},"excerpt":{"rendered":"<p>Les avocats de la d\u00e9fense font bloc. Ils s\u2019\u00e9rigent contre\u00a0 la dilapidation de la fortune publique. C\u2019est ainsi qu\u2019\u00e0 l\u2019audience du 20 ao\u00fbt 2020, le Conseil d\u2019Emmanuel Leubou d\u00e9cide de rompre le silence. Contre toute attente, il soumet une requ\u00eate verbale \u00e0 l\u2019attention du Tribunal. Ceci, \u00a0\u00e0 l\u2019effet\u00a0\u00ab d\u2019obtenir que le Tribunal ordonne le repositionnement [&hellip;]<\/p>\n","protected":false},"author":1969,"featured_media":0,"comment_status":"closed","ping_status":"closed","sticky":false,"template":"","format":"standard","meta":{"fifu_image_url":"","fifu_image_alt":"","footnotes":""},"categories":[82,78],"tags":[],"class_list":["post-125180","post","type-post","status-publish","format-standard","hentry","category-cameroun","category-economie"],"_links":{"self":[{"href":"https:\/\/linitiative.ca\/International\/wp-json\/wp\/v2\/posts\/125180","targetHints":{"allow":["GET"]}}],"collection":[{"href":"https:\/\/linitiative.ca\/International\/wp-json\/wp\/v2\/posts"}],"about":[{"href":"https:\/\/linitiative.ca\/International\/wp-json\/wp\/v2\/types\/post"}],"author":[{"embeddable":true,"href":"https:\/\/linitiative.ca\/International\/wp-json\/wp\/v2\/users\/1969"}],"replies":[{"embeddable":true,"href":"https:\/\/linitiative.ca\/International\/wp-json\/wp\/v2\/comments?post=125180"}],"version-history":[{"count":0,"href":"https:\/\/linitiative.ca\/International\/wp-json\/wp\/v2\/posts\/125180\/revisions"}],"wp:attachment":[{"href":"https:\/\/linitiative.ca\/International\/wp-json\/wp\/v2\/media?parent=125180"}],"wp:term":[{"taxonomy":"category","embeddable":true,"href":"https:\/\/linitiative.ca\/International\/wp-json\/wp\/v2\/categories?post=125180"},{"taxonomy":"post_tag","embeddable":true,"href":"https:\/\/linitiative.ca\/International\/wp-json\/wp\/v2\/tags?post=125180"}],"curies":[{"name":"wp","href":"https:\/\/api.w.org\/{rel}","templated":true}]}}