{"id":125181,"date":"2021-08-25T10:32:44","date_gmt":"2021-08-25T14:32:44","guid":{"rendered":"https:\/\/linitiative.ca\/International\/politique-monetaire-petites-realisations-sur-la-politique-des-changes-et-le-fcfa\/"},"modified":"2021-08-25T10:32:44","modified_gmt":"2021-08-25T14:32:44","slug":"politique-monetaire-petites-realisations-sur-la-politique-des-changes-et-le-fcfa","status":"publish","type":"post","link":"https:\/\/linitiative.ca\/International\/politique-monetaire-petites-realisations-sur-la-politique-des-changes-et-le-fcfa\/","title":{"rendered":"Politique mon\u00e9taire : petites r\u00e9alisations sur la politique des changes et le FCFA"},"content":{"rendered":"<div><div data-elementor-type=\"wp-post\" data-elementor-id=\"30125\" class=\"elementor elementor-30125\" data-elementor-settings=\"[]\">\n\t\t\t\t\t\t<div class=\"elementor-inner\">\n\t\t\t\t\t\t\t<div class=\"elementor-section-wrap\">\n\t\t\t\t\t\t\t<section data-particle_enable=\"false\" data-particle-mobile-disabled=\"false\" class=\"elementor-section elementor-top-section elementor-element elementor-element-76151673 elementor-section-boxed elementor-section-height-default elementor-section-height-default\" data-id=\"76151673\" data-element_type=\"section\" data-settings='{\"ekit_has_onepagescroll_dot\":\"yes\"}'>\n\t\t\t\t\t\t<div class=\"elementor-container elementor-column-gap-default\">\n\t\t\t\t\t\t\t<div class=\"elementor-row\">\n\t\t\t\t\t<div class=\"elementor-column elementor-col-100 elementor-top-column elementor-element elementor-element-245f73b2\" data-id=\"245f73b2\" data-element_type=\"column\">\n\t\t\t<div class=\"elementor-column-wrap elementor-element-populated\">\n\t\t\t\t\t\t\t<div class=\"elementor-widget-wrap\">\n\t\t\t\t\t\t<div class=\"elementor-element elementor-element-320569b7 elementor-widget elementor-widget-text-editor\" data-id=\"320569b7\" data-element_type=\"widget\" data-settings='{\"ekit_we_effect_on\":\"none\"}' data-widget_type=\"text-editor.default\">\n\t\t\t\t<div class=\"elementor-widget-container\">\n\t\t\t\t\t\t\t\t<div class=\"elementor-text-editor elementor-clearfix\">\n\t\t\t\t\t\n<p>Entr\u00e9e en vigueur depuis 2017, la nouvelle r\u00e8glementation des changes a permis \u00e0 la Banque des Etats de l\u2019Afrique centrale(Beac) de reconstituer les avoirs en devises des pays de la Cemac et ainsi renforcer leur position ext\u00e9rieure. Selon les chiffres r\u00e9cents, les devises rapatri\u00e9es par les agents \u00e9conomiques sont pass\u00e9es de 3 277,84 milliards de FCFA en 2018 \u00e0 7 914,36 milliards de FCFA en 2020. Derri\u00e8re ces chiffres, des mesures d\u2019exception que la Beac accorde aux compagnies p\u00e9troli\u00e8res et mini\u00e8res. Si elles sont lev\u00e9es, le volume de devises pourrait atteindre un niveau plus \u00e9lev\u00e9 \u00e9tant donn\u00e9 que l\u2019or noir reste le produit le plus export\u00e9 dans la Cemac.<\/p>\n\n\n\n<p><strong>Lire aussi <\/strong>: <strong><a href=\"https:\/\/ecomatin.net\/relance-economique-reforme-monetaire-programme-avec-le-fmi-les-resolutions-du-sommet-des-chefs-detats-de-la-cemac\/\">Relance \u00e9conomique, r\u00e9forme mon\u00e9taire, programme avec le FMI\u2026 : les r\u00e9solutions du sommet des chefs d\u2019Etats de la Cemac<\/a><\/strong><\/p>\n\n\n\n<p>Dans le cadre de la deuxi\u00e8me phase du Programme des r\u00e9formes \u00e9conomiques et financi\u00e8res de la Cemac (PREF-Cemac), le FMI accentue la pression pour la mise en \u0153uvre l\u2019exigence de rapatriement des devises des entreprises du secteur extractif, quitte \u00e0 leur permettre de b\u00e9n\u00e9ficier de comptes en monnaie \u00e9trang\u00e8res aupr\u00e8s de la Beac. A l\u2019issue de la r\u00e9union, les chefs d\u2019Etats ont \u00ab r\u00e9affirm\u00e9 leur engagement au renforcement de la stabilit\u00e9 ext\u00e9rieure de la monnaie, notamment par la poursuite d\u2019une politique mon\u00e9taire prudente et efficace et l\u2019application judicieuse de la r\u00e8glementation des changes \u00e0 tous les secteurs d\u2019activit\u00e9s. A cet \u00e9gard, ils ont exhort\u00e9 la Beac \u00e0 poursuivre toutes les actions entreprises ou envisag\u00e9es dans ce domaine \u00bb peut-on lire sur le communiqu\u00e9 final. Si elle a pu imposer \u00e0 tous les assujettis la nouvelle r\u00e8glementation sur le change, la Beac peine encore \u00e0 mettre la main sur les r\u00e9serves de ces multinationales. Dans une d\u00e9cision sign\u00e9e le 5 novembre 2020, Abbas Mahamat Tolli leur accordait un 4e moratoire pour l\u2019application de cette norme communautaire.<\/p>\n\n\n\n<p><strong>Lire aussi<\/strong> : <strong><a href=\"https:\/\/ecomatin.net\/fcfa-uemoa-tout-change-pour-que-rien-ne-change\/\">Fcfa-Uemoa : tout change pour que rien ne change<\/a><\/strong><\/p>\n\n\n\n<p>Soucieuses de m\u00e9nager les plus grandes chances de r\u00e9ussite \u00e0 leur d\u00e9marche, les miniers et p\u00e9troliers de la sous-r\u00e9gion se mobilisent pour se soustraire \u00e0 cette r\u00e9glementation jug\u00e9e \u00abexcessivement agressive\u00bb pour leurs op\u00e9rations internationales. Rien ne laisse donc croire que d\u2019ici \u00e0 l\u00e0 la banque centrale puisse se r\u00e9soudre \u00e0 mettre un terme au traitement de faveur accord\u00e9 \u00e0 ces assujettis. Les multinationales du secteur n\u2019h\u00e9sitent plus \u00e0 mettre \u00e0 contribution le personnel diplomatique des pays qui abritent leurs si\u00e8ges pour infl\u00e9chir la position des Etats de la sous-r\u00e9gion. Selon les informations de EcoMatin, l\u2019 \u00abaffaire\u00bb de la r\u00e9glementation des changes revient tr\u00e8s souvent dans les discussions entre les chefs des missions diplomatiques accr\u00e9dit\u00e9s dans la Cemac ou leurs repr\u00e9sentants et les officiels de la sous-r\u00e9gion. Le but ultime de toute cette campagne qui a gagn\u00e9 en ampleur ces derni\u00e8res semaines? Parvenir \u00e0 un d\u00e9mant\u00e8lement de certaines dispositions de cette r\u00e9glementation, ou \u00e0 tout le moins, obtenir purement et simplement une r\u00e9\u00e9criture de l\u2019instrument juridique communautaire dans le sens de faire sortir les entreprises des secteurs minier et p\u00e9trolier de la liste des assujettis au r\u00e8glement Cemac portant r\u00e9glementation des changes dans la sous-r\u00e9gion, et de circonvenir ainsi la Banque centrale.<\/p>\n\t\t\t\t\t<\/div>\n\t\t\t\t\t\t<\/div>\n\t\t\t\t<\/div>\n\t\t\t\t\t\t<\/div>\n\t\t\t\t\t<\/div>\n\t\t<\/div>\n\t\t\t\t\t\t\t\t<\/div>\n\t\t\t\t\t<\/div>\n\t\t<\/section>\n\t\t\t\t<section data-particle_enable=\"false\" data-particle-mobile-disabled=\"false\" class=\"elementor-section elementor-top-section elementor-element elementor-element-81a723f elementor-section-boxed elementor-section-height-default elementor-section-height-default\" data-id=\"81a723f\" data-element_type=\"section\" data-settings='{\"ekit_has_onepagescroll_dot\":\"yes\"}'>\n\t\t\t\t\t\t<div class=\"elementor-container elementor-column-gap-default\">\n\t\t\t\t\t\t\t<div class=\"elementor-row\">\n\t\t\t\t\t<div class=\"elementor-column elementor-col-100 elementor-top-column elementor-element elementor-element-15cfcc8\" data-id=\"15cfcc8\" data-element_type=\"column\">\n\t\t\t<div class=\"elementor-column-wrap elementor-element-populated\">\n\t\t\t\t\t\t\t<div class=\"elementor-widget-wrap\">\n\t\t\t\t\t\t<div class=\"elementor-element elementor-element-8dff434 elementor-widget elementor-widget-text-editor\" data-id=\"8dff434\" data-element_type=\"widget\" data-settings='{\"ekit_we_effect_on\":\"none\"}' data-widget_type=\"text-editor.default\">\n\t\t\t\t<div class=\"elementor-widget-container\">\n\t\t\t\t\t\t\t\t<div class=\"elementor-text-editor elementor-clearfix\">\n\t\t\t\t\t<p><b><span lang=\"FR-CM\">FCFA : on r\u00e9fl\u00e9chit encore<\/span><\/b><\/p>\n<p><span lang=\"FR-CM\">\u00ab Examinant sp\u00e9cifiquement la question mon\u00e9taire, les chefs d\u2019Etats et de gouvernement ont r\u00e9affirm\u00e9 leur volont\u00e9 de disposer d\u2019une monnaie commune stable et forte. Concernant particuli\u00e8rement la coop\u00e9ration mon\u00e9taire avec la France, portant sur le FCFA, ils ont d\u00e9cid\u00e9 d\u2019engager une r\u00e9flexion approfondie sur les conditions et le cadre d\u2019une nouvelle coop\u00e9ration. A cet effet, ils ont charg\u00e9 la commission de la Cemac et la Beac de proposer, dans les d\u00e9lais raisonnables, un sch\u00e9ma appropri\u00e9 conduisant \u00e0 l\u2019\u00e9volution d\u2019une monnaie commune \u00bb. La r\u00e9solution N\u00b07 du sommet de 2019 avait comme un relent r\u00e9volutionnaire de la part des chefs d\u2019Etats de la Cemac tant la question de la r\u00e9forme mon\u00e9taire alimente les d\u00e9bats et les passions. Sauf que deux ans apr\u00e8s, les signes d\u2019une quelconque progression ne sont pas visibles, du moins \u00e0 l\u2019\u0153il nu. On en veut pour preuve le sommet de 2021 o\u00f9 abordant cette probl\u00e9matique, les Chefs d\u2019Etats ses sont content\u00e9s de r\u00e9it\u00e9rer leurs \u00ab orientations \u00e0 la commission de la Cemac et la Beac relativement \u00e0 la r\u00e9flexion ouverte sur le cadre et les conditions d\u2019une nouvelle coop\u00e9ration mon\u00e9taire avec la France \u00bb. Officiellement donc, rien n\u2019a \u00e9volu\u00e9, aucune projection dans l\u2019espace et dans le temps. N\u00e9anmoins, au mois d\u2019ao\u00fbt 2020, des investisseurs sous anonymat ont confi\u00e9 \u00e0 l\u2019Agence Ecofin que la France et la Cemac pr\u00e9paraient un accord r\u00e9vis\u00e9 de coop\u00e9ration mon\u00e9taire. \u00ab Nos amis de l\u2019Uemoa ont pris la d\u00e9cision de cr\u00e9er l\u2019Eco. Mais naturellement, l\u2019Eco fait \u00e9chos en Afrique centrale. Nous sommes en train de n\u00e9gocier\u2026 donc ce dossier est en cours \u00bb avait confi\u00e9 le pr\u00e9sident de la Cemac, Daniel Ona Ondo, lors d\u2019une visite en f\u00e9vrier 2020 au Gabon. S\u2019il confirme l\u2019existence de n\u00e9gociations les r\u00e9sultats restent peu visibles du mois moins rapide que la zone jumelle de l\u2019Uemoa.<\/span><\/p>\t\t\t\t\t<\/div>\n\t\t\t\t\t\t<\/div>\n\t\t\t\t<\/div>\n\t\t\t\t\t\t<\/div>\n\t\t\t\t\t<\/div>\n\t\t<\/div>\n\t\t\t\t\t\t\t\t<\/div>\n\t\t\t\t\t<\/div>\n\t\t<\/section>\n\t\t\t\t<section data-particle_enable=\"false\" data-particle-mobile-disabled=\"false\" class=\"elementor-section elementor-top-section elementor-element elementor-element-1664c0b elementor-section-boxed elementor-section-height-default elementor-section-height-default\" data-id=\"1664c0b\" data-element_type=\"section\" data-settings='{\"ekit_has_onepagescroll_dot\":\"yes\"}'>\n\t\t\t\t\t\t<div class=\"elementor-container elementor-column-gap-default\">\n\t\t\t\t\t\t\t<div class=\"elementor-row\">\n\t\t\t\t\t<div class=\"elementor-column elementor-col-100 elementor-top-column elementor-element elementor-element-3bab35b\" data-id=\"3bab35b\" data-element_type=\"column\">\n\t\t\t<div class=\"elementor-column-wrap elementor-element-populated\">\n\t\t\t\t\t\t\t<div class=\"elementor-widget-wrap\">\n\t\t\t\t\t\t<div class=\"elementor-element elementor-element-47ac801 elementor-widget elementor-widget-heading\" data-id=\"47ac801\" data-element_type=\"widget\" data-settings='{\"ekit_we_effect_on\":\"none\"}' data-widget_type=\"heading.default\">\n\t\t\t\t<div class=\"elementor-widget-container\">\n\t\t\t<h4 class=\"elementor-heading-title elementor-size-default\">A LIRE AUSSI DANS CE DOSSIER<\/h4>\t\t<\/div>\n\t\t\t\t<\/div>\n\t\t\t\t<div class=\"elementor-element elementor-element-50e4e48 elementor-icon-list--layout-traditional elementor-list-item-link-full_width elementor-widget elementor-widget-icon-list\" data-id=\"50e4e48\" data-element_type=\"widget\" data-settings='{\"ekit_we_effect_on\":\"none\"}' data-widget_type=\"icon-list.default\">\n\t\t\t\t<div class=\"elementor-widget-container\">\n\t\t\t\t\t<ul class=\"elementor-icon-list-items\">\n\t\t\t\t\t\t\t<li class=\"elementor-icon-list-item\">\n\t\t\t\t\t<a href=\"https:\/\/ecomatin.net\/dette-interieure-nouvelle-promesse-dapurement-des-arrieres-de-paiement\/\">\t\t\t\t\t\t<span class=\"elementor-icon-list-icon\">\n\t\t\t\t\t\t\t<i aria-hidden=\"true\" class=\"fas fa-chevron-right\"><\/i>\t\t\t\t\t\t<\/span>\n\t\t\t\t\t\t\t\t\t\t<span class=\"elementor-icon-list-text\">Dette int\u00e9rieure : nouvelle promesse d\u2019apurement des arri\u00e9r\u00e9s de paiement<\/span>\n\t\t\t\t\t\t\t\t\t\t\t<\/a>\n\t\t\t\t\t\t\t\t\t<\/li>\n\t\t\t\t\t\t\t\t<li class=\"elementor-icon-list-item\">\n\t\t\t\t\t<a href=\"https:\/\/ecomatin.net\/sommet-de-la-cemac-les-chefs-detat-t-ne-cedent-pas-aux-pressions-du-fmi\/\">\t\t\t\t\t\t<span class=\"elementor-icon-list-icon\">\n\t\t\t\t\t\t\t<i aria-hidden=\"true\" class=\"fas fa-chevron-right\"><\/i>\t\t\t\t\t\t<\/span>\n\t\t\t\t\t\t\t\t\t\t<span class=\"elementor-icon-list-text\">Sommet de la Cemac : les chefs d\u2019Etat ne c\u00e8dent pas aux pressions du FMI<\/span>\n\t\t\t\t\t\t\t\t\t\t\t<\/a>\n\t\t\t\t\t\t\t\t\t<\/li>\n\t\t\t\t\t\t\t\t<li class=\"elementor-icon-list-item\">\n\t\t\t\t\t<a href=\"https:\/\/ecomatin.net\/redevabilite-la-bonne-gouvernance-toujours-attendue-en-zone-cemac\/\">\t\t\t\t\t\t<span class=\"elementor-icon-list-icon\">\n\t\t\t\t\t\t\t<i aria-hidden=\"true\" class=\"fas fa-chevron-right\"><\/i>\t\t\t\t\t\t<\/span>\n\t\t\t\t\t\t\t\t\t\t<span class=\"elementor-icon-list-text\">Redevabilit\u00e9 : la bonne gouvernance toujours attendue en zone Cemac<\/span>\n\t\t\t\t\t\t\t\t\t\t\t<\/a>\n\t\t\t\t\t\t\t\t\t<\/li>\n\t\t\t\t\t\t<\/ul>\n\t\t\t\t<\/div>\n\t\t\t\t<\/div>\n\t\t\t\t\t\t<\/div>\n\t\t\t\t\t<\/div>\n\t\t<\/div>\n\t\t\t\t\t\t\t\t<\/div>\n\t\t\t\t\t<\/div>\n\t\t<\/section>\n\t\t\t\t\t\t<\/div>\n\t\t\t\t\t\t<\/div>\n\t\t\t\t\t<\/div>\n\t\t<p>L\u2019article <a rel=\"nofollow\" href=\"https:\/\/ecomatin.net\/politique-monetaire-petites-realisations-sur-la-politique-des-changes-et-le-fcfa\/\">Politique mon\u00e9taire : petites r\u00e9alisations sur la politique des changes et le FCFA<\/a> est apparu en premier sur <a rel=\"nofollow\" href=\"https:\/\/ecomatin.net\/\">EcoMatin<\/a>.<\/p><\/div>\r\nAuteur: EcoMatin\r\n<a href=\"https:\/\/ecomatin.net\/politique-monetaire-petites-realisations-sur-la-politique-des-changes-et-le-fcfa\/\">Cliquez ici pour lire l&rsquo;article depuis sa source.<\/a><br \/>","protected":false},"excerpt":{"rendered":"<p>Entr\u00e9e en vigueur depuis 2017, la nouvelle r\u00e8glementation des changes a permis \u00e0 la Banque des Etats de l\u2019Afrique centrale(Beac) de reconstituer les avoirs en devises des pays de la Cemac et ainsi renforcer leur position ext\u00e9rieure. Selon les chiffres r\u00e9cents, les devises rapatri\u00e9es par les agents \u00e9conomiques sont pass\u00e9es de 3 277,84 milliards de [&hellip;]<\/p>\n","protected":false},"author":1969,"featured_media":0,"comment_status":"closed","ping_status":"closed","sticky":false,"template":"","format":"standard","meta":{"fifu_image_url":"","fifu_image_alt":"","footnotes":""},"categories":[82,78],"tags":[],"class_list":["post-125181","post","type-post","status-publish","format-standard","hentry","category-cameroun","category-economie"],"_links":{"self":[{"href":"https:\/\/linitiative.ca\/International\/wp-json\/wp\/v2\/posts\/125181","targetHints":{"allow":["GET"]}}],"collection":[{"href":"https:\/\/linitiative.ca\/International\/wp-json\/wp\/v2\/posts"}],"about":[{"href":"https:\/\/linitiative.ca\/International\/wp-json\/wp\/v2\/types\/post"}],"author":[{"embeddable":true,"href":"https:\/\/linitiative.ca\/International\/wp-json\/wp\/v2\/users\/1969"}],"replies":[{"embeddable":true,"href":"https:\/\/linitiative.ca\/International\/wp-json\/wp\/v2\/comments?post=125181"}],"version-history":[{"count":0,"href":"https:\/\/linitiative.ca\/International\/wp-json\/wp\/v2\/posts\/125181\/revisions"}],"wp:attachment":[{"href":"https:\/\/linitiative.ca\/International\/wp-json\/wp\/v2\/media?parent=125181"}],"wp:term":[{"taxonomy":"category","embeddable":true,"href":"https:\/\/linitiative.ca\/International\/wp-json\/wp\/v2\/categories?post=125181"},{"taxonomy":"post_tag","embeddable":true,"href":"https:\/\/linitiative.ca\/International\/wp-json\/wp\/v2\/tags?post=125181"}],"curies":[{"name":"wp","href":"https:\/\/api.w.org\/{rel}","templated":true}]}}