{"id":125182,"date":"2021-08-25T11:03:45","date_gmt":"2021-08-25T15:03:45","guid":{"rendered":"https:\/\/linitiative.ca\/International\/redevabilite-la-bonne-gouvernance-toujours-attendue-en-zone-cemac\/"},"modified":"2021-08-25T11:03:45","modified_gmt":"2021-08-25T15:03:45","slug":"redevabilite-la-bonne-gouvernance-toujours-attendue-en-zone-cemac","status":"publish","type":"post","link":"https:\/\/linitiative.ca\/International\/redevabilite-la-bonne-gouvernance-toujours-attendue-en-zone-cemac\/","title":{"rendered":"Redevabilit\u00e9 : la bonne gouvernance toujours attendue en zone Cemac"},"content":{"rendered":"<div><div data-elementor-type=\"wp-post\" data-elementor-id=\"30141\" class=\"elementor elementor-30141\" data-elementor-settings=\"[]\">\n\t\t\t\t\t\t<div class=\"elementor-inner\">\n\t\t\t\t\t\t\t<div class=\"elementor-section-wrap\">\n\t\t\t\t\t\t\t<section data-particle_enable=\"false\" data-particle-mobile-disabled=\"false\" class=\"elementor-section elementor-top-section elementor-element elementor-element-6a0504bb elementor-section-boxed elementor-section-height-default elementor-section-height-default\" data-id=\"6a0504bb\" data-element_type=\"section\" data-settings='{\"ekit_has_onepagescroll_dot\":\"yes\"}'>\n\t\t\t\t\t\t<div class=\"elementor-container elementor-column-gap-default\">\n\t\t\t\t\t\t\t<div class=\"elementor-row\">\n\t\t\t\t\t<div class=\"elementor-column elementor-col-100 elementor-top-column elementor-element elementor-element-70740787\" data-id=\"70740787\" data-element_type=\"column\">\n\t\t\t<div class=\"elementor-column-wrap elementor-element-populated\">\n\t\t\t\t\t\t\t<div class=\"elementor-widget-wrap\">\n\t\t\t\t\t\t<div class=\"elementor-element elementor-element-7689e55e elementor-widget elementor-widget-text-editor\" data-id=\"7689e55e\" data-element_type=\"widget\" data-settings='{\"ekit_we_effect_on\":\"none\"}' data-widget_type=\"text-editor.default\">\n\t\t\t\t<div class=\"elementor-widget-container\">\n\t\t\t\t\t\t\t\t<div class=\"elementor-text-editor elementor-clearfix\">\n\t\t\t\t\t\n<p>\u201cBonne gouvernance\u201d. L\u2019expression est dans l\u2019\u00e8re du temps. Elle renvoie \u00e0 une d\u00e9finition claire des attributions et des responsabilit\u00e9s, des processus budg\u00e9taires ouverts, l\u2019acc\u00e8s du public \u00e0 l\u2019information, la garantie d\u2019int\u00e9grit\u00e9 des donn\u00e9es et des acteurs, le contr\u00f4le et la redevabilit\u00e9. Les pays de la Cemac ne sont pas en reste. Pour mieux s\u2019en convaincre, un \u00ab Code de transparence et de bonne gouvernance dans la gestion des finances \u00bb a \u00e9t\u00e9 adopt\u00e9 par les diff\u00e9rents pays. Le Code introduit de mani\u00e8re officielle et l\u00e9gale, les principes de transparence et de bonne gouvernance indispensables \u00e0 une gestion des finances publiques susceptible d\u2019assurer la stabilit\u00e9 macro\u00e9conomique et une croissance forte et durable.<\/p>\n\n\n\n<p><strong>Lire aussi<\/strong> : <strong><a href=\"https:\/\/ecomatin.net\/cemac-7-2849-milliards-s-pour-le-plan-de-relance-post-covid-19\/\">Cemac : 7 284,9 milliards pour le plan de relance post-Covid-19<\/a><\/strong><\/p>\n\n\n\n<p>Ces principes consacrent l\u2019obligation de production et de diffusion d\u2019une information exhaustive et fiable sur les activit\u00e9s pass\u00e9es, pr\u00e9sentes et futures des administrations publiques pour contribuer \u00e0 la prise de d\u00e9cisions de politique \u00e9conomique. Mais entre les engagements et les actes, il y a parfois un gap.<\/p>\n\n\n\n<p>C\u2019est sans doute conscient de cette r\u00e9alit\u00e9 que le sommet exhorte les \u00c9tats membres \u00e0 \u201cam\u00e9liorer le fonctionnement des institutions publiques, la gouvernance et la transparence dans les secteurs public et extractif, la gestion des finances publiques, notamment la qualit\u00e9 des investissements, ainsi que le suivi des risques budg\u00e9taires et d\u2019endettement inh\u00e9rents \u00e0 la gestion des entreprises publiques.\u201d Ce qui n\u2019est pas gagn\u00e9 d\u2019avance.<\/p>\n\n\n\n<p><strong>Lire aussi<\/strong> : <strong><a href=\"https:\/\/ecomatin.net\/relance-economique-reforme-monetaire-programme-avec-le-fmi-les-resolutions-du-sommet-des-chefs-detats-de-la-cemac\/\">Relance \u00e9conomique, r\u00e9forme mon\u00e9taire, programme avec le FMI\u2026 : les r\u00e9solutions du sommet des chefs d\u2019Etats de la Cemac<\/a><\/strong><\/p>\n\n\n\n<p>En 2020 par exemple, un seul pays de la Cemac \u00e9tait en r\u00e8gle avec l\u2019Initiative pour la transparence dans les industries extractives (Itie). Le Cameroun \u00e9tait sous le coup d\u2019une suspension; le Tchad \u00e9tait en proc\u00e9dure d\u2019adh\u00e9sion, en observation; le Gabon, la Guin\u00e9e \u00e9quatoriale en avaient \u00e9t\u00e9 radi\u00e9s. La R\u00e9publique centrafricaine, elle, avait essuy\u00e9, plut\u00f4t, une suspension du processus de Kimberley. Les gouvernements ne b\u00e9n\u00e9ficient pas davantage de cr\u00e9dibilit\u00e9 pour ce qui est de la gestion des finances publiques. Ann\u00e9e apr\u00e8s ann\u00e9e, les pays de la sous-r\u00e9gion se concentrent en queue du classement des pays les plus corrompus, dans l\u2019indice de Transparency international.<\/p>\n\n\n\n<p><strong>Lire aussi<\/strong> : <strong><a href=\"https:\/\/ecomatin.net\/sommet-extraordinaire-de-la-cemac-ce-que-le-fmi-exige-des-chefs-s-detats\/\">Sommet extraordinaire de la Cemac : ce que le FMI exige des chefs d\u2019Etats<\/a><\/strong><\/p>\n\n\n\n<p>D\u2019une mani\u00e8re g\u00e9n\u00e9rale, et contrairement \u00e0 ce que soutiennent les gouvernements, les experts internationaux ne notent pas de progr\u00e8s dans la participation des Camerounais \u00e0 la gestion de la chose publique. Les \u00e9valuations de la Banque mondiale (CPIA) et du FMI (PEFA) sont totalement \u00e0 l\u2019oppos\u00e9 des affirmations des pays de la Cemac, en mati\u00e8re d\u2019implication des citoyens \u00e0 la gestion des affaires publiques. Pour les institutions Brettons Wood, quelles que soient les mesures prises par les Etats de la sous-r\u00e9gion \u00e0 ce jour, \u201cdes avanc\u00e9es ne sont pas encore perceptibles par rapport \u00e0 l\u2019am\u00e9lioration de l\u2019acc\u00e8s des citoyens \u00e0 l\u2019information et \u00e0 leur participation plus forte \u00e0 la gestion des affaires publiques.<\/p>\n\t\t\t\t\t<\/div>\n\t\t\t\t\t\t<\/div>\n\t\t\t\t<\/div>\n\t\t\t\t\t\t<\/div>\n\t\t\t\t\t<\/div>\n\t\t<\/div>\n\t\t\t\t\t\t\t\t<\/div>\n\t\t\t\t\t<\/div>\n\t\t<\/section>\n\t\t\t\t<section data-particle_enable=\"false\" data-particle-mobile-disabled=\"false\" class=\"elementor-section elementor-top-section elementor-element elementor-element-90249a3 elementor-section-boxed elementor-section-height-default elementor-section-height-default\" data-id=\"90249a3\" data-element_type=\"section\" data-settings='{\"ekit_has_onepagescroll_dot\":\"yes\"}'>\n\t\t\t\t\t\t<div class=\"elementor-container elementor-column-gap-default\">\n\t\t\t\t\t\t\t<div class=\"elementor-row\">\n\t\t\t\t\t<div class=\"elementor-column elementor-col-100 elementor-top-column elementor-element elementor-element-51bd8a4\" data-id=\"51bd8a4\" data-element_type=\"column\">\n\t\t\t<div class=\"elementor-column-wrap elementor-element-populated\">\n\t\t\t\t\t\t\t<div class=\"elementor-widget-wrap\">\n\t\t\t\t\t\t<div class=\"elementor-element elementor-element-6f61355 elementor-widget elementor-widget-heading\" data-id=\"6f61355\" data-element_type=\"widget\" data-settings='{\"ekit_we_effect_on\":\"none\"}' data-widget_type=\"heading.default\">\n\t\t\t\t<div class=\"elementor-widget-container\">\n\t\t\t<h4 class=\"elementor-heading-title elementor-size-default\">A LIRE AUSSI DANS CE DOSSIER<\/h4>\t\t<\/div>\n\t\t\t\t<\/div>\n\t\t\t\t<div class=\"elementor-element elementor-element-b6073b1 elementor-icon-list--layout-traditional elementor-list-item-link-full_width elementor-widget elementor-widget-icon-list\" data-id=\"b6073b1\" data-element_type=\"widget\" data-settings='{\"ekit_we_effect_on\":\"none\"}' data-widget_type=\"icon-list.default\">\n\t\t\t\t<div class=\"elementor-widget-container\">\n\t\t\t\t\t<ul class=\"elementor-icon-list-items\">\n\t\t\t\t\t\t\t<li class=\"elementor-icon-list-item\">\n\t\t\t\t\t<a href=\"https:\/\/ecomatin.net\/dette-interieure-nouvelle-promesse-dapurement-des-arrieres-de-paiement\/\">\t\t\t\t\t\t<span class=\"elementor-icon-list-icon\">\n\t\t\t\t\t\t\t<i aria-hidden=\"true\" class=\"fas fa-chevron-right\"><\/i>\t\t\t\t\t\t<\/span>\n\t\t\t\t\t\t\t\t\t\t<span class=\"elementor-icon-list-text\">Dette int\u00e9rieure : nouvelle promesse d\u2019apurement des arri\u00e9r\u00e9s de paiement<\/span>\n\t\t\t\t\t\t\t\t\t\t\t<\/a>\n\t\t\t\t\t\t\t\t\t<\/li>\n\t\t\t\t\t\t\t\t<li class=\"elementor-icon-list-item\">\n\t\t\t\t\t<a href=\"https:\/\/ecomatin.net\/sommet-de-la-cemac-les-chefs-detat-t-ne-cedent-pas-aux-pressions-du-fmi\/\">\t\t\t\t\t\t<span class=\"elementor-icon-list-icon\">\n\t\t\t\t\t\t\t<i aria-hidden=\"true\" class=\"fas fa-chevron-right\"><\/i>\t\t\t\t\t\t<\/span>\n\t\t\t\t\t\t\t\t\t\t<span class=\"elementor-icon-list-text\">Sommet de la Cemac : les chefs d\u2019Etat ne c\u00e8dent pas aux pressions du FMI<\/span>\n\t\t\t\t\t\t\t\t\t\t\t<\/a>\n\t\t\t\t\t\t\t\t\t<\/li>\n\t\t\t\t\t\t\t\t<li class=\"elementor-icon-list-item\">\n\t\t\t\t\t<a href=\"https:\/\/ecomatin.net\/politique-monetaire-petites-realisations-sur-la-politique-des-changes-et-le-fcfa\/\">\t\t\t\t\t\t<span class=\"elementor-icon-list-icon\">\n\t\t\t\t\t\t\t<i aria-hidden=\"true\" class=\"fas fa-chevron-right\"><\/i>\t\t\t\t\t\t<\/span>\n\t\t\t\t\t\t\t\t\t\t<span class=\"elementor-icon-list-text\">Politique mon\u00e9taire : petites r\u00e9alisations sur la politique des changes et le FCFA<\/span>\n\t\t\t\t\t\t\t\t\t\t\t<\/a>\n\t\t\t\t\t\t\t\t\t<\/li>\n\t\t\t\t\t\t<\/ul>\n\t\t\t\t<\/div>\n\t\t\t\t<\/div>\n\t\t\t\t\t\t<\/div>\n\t\t\t\t\t<\/div>\n\t\t<\/div>\n\t\t\t\t\t\t\t\t<\/div>\n\t\t\t\t\t<\/div>\n\t\t<\/section>\n\t\t\t\t\t\t<\/div>\n\t\t\t\t\t\t<\/div>\n\t\t\t\t\t<\/div>\n\t\t<p>L\u2019article <a rel=\"nofollow\" href=\"https:\/\/ecomatin.net\/redevabilite-la-bonne-gouvernance-toujours-attendue-en-zone-cemac\/\">Redevabilit\u00e9 : la bonne gouvernance toujours attendue en zone Cemac<\/a> est apparu en premier sur <a rel=\"nofollow\" href=\"https:\/\/ecomatin.net\/\">EcoMatin<\/a>.<\/p><\/div>\r\nAuteur: Philipe NSOA\r\n<a href=\"https:\/\/ecomatin.net\/redevabilite-la-bonne-gouvernance-toujours-attendue-en-zone-cemac\/\">Cliquez ici pour lire l&rsquo;article depuis sa source.<\/a><br \/>","protected":false},"excerpt":{"rendered":"<p>\u201cBonne gouvernance\u201d. L\u2019expression est dans l\u2019\u00e8re du temps. Elle renvoie \u00e0 une d\u00e9finition claire des attributions et des responsabilit\u00e9s, des processus budg\u00e9taires ouverts, l\u2019acc\u00e8s du public \u00e0 l\u2019information, la garantie d\u2019int\u00e9grit\u00e9 des donn\u00e9es et des acteurs, le contr\u00f4le et la redevabilit\u00e9. Les pays de la Cemac ne sont pas en reste. Pour mieux s\u2019en convaincre, [&hellip;]<\/p>\n","protected":false},"author":1969,"featured_media":0,"comment_status":"closed","ping_status":"closed","sticky":false,"template":"","format":"standard","meta":{"fifu_image_url":"","fifu_image_alt":"","footnotes":""},"categories":[82,78],"tags":[],"class_list":["post-125182","post","type-post","status-publish","format-standard","hentry","category-cameroun","category-economie"],"_links":{"self":[{"href":"https:\/\/linitiative.ca\/International\/wp-json\/wp\/v2\/posts\/125182","targetHints":{"allow":["GET"]}}],"collection":[{"href":"https:\/\/linitiative.ca\/International\/wp-json\/wp\/v2\/posts"}],"about":[{"href":"https:\/\/linitiative.ca\/International\/wp-json\/wp\/v2\/types\/post"}],"author":[{"embeddable":true,"href":"https:\/\/linitiative.ca\/International\/wp-json\/wp\/v2\/users\/1969"}],"replies":[{"embeddable":true,"href":"https:\/\/linitiative.ca\/International\/wp-json\/wp\/v2\/comments?post=125182"}],"version-history":[{"count":0,"href":"https:\/\/linitiative.ca\/International\/wp-json\/wp\/v2\/posts\/125182\/revisions"}],"wp:attachment":[{"href":"https:\/\/linitiative.ca\/International\/wp-json\/wp\/v2\/media?parent=125182"}],"wp:term":[{"taxonomy":"category","embeddable":true,"href":"https:\/\/linitiative.ca\/International\/wp-json\/wp\/v2\/categories?post=125182"},{"taxonomy":"post_tag","embeddable":true,"href":"https:\/\/linitiative.ca\/International\/wp-json\/wp\/v2\/tags?post=125182"}],"curies":[{"name":"wp","href":"https:\/\/api.w.org\/{rel}","templated":true}]}}