{"id":125184,"date":"2021-08-25T13:08:38","date_gmt":"2021-08-25T17:08:38","guid":{"rendered":"https:\/\/linitiative.ca\/International\/sosucam-veut-racheter-les-parts-de-ses-ex-employes\/"},"modified":"2021-08-25T13:08:38","modified_gmt":"2021-08-25T17:08:38","slug":"sosucam-veut-racheter-les-parts-de-ses-ex-employes","status":"publish","type":"post","link":"https:\/\/linitiative.ca\/International\/sosucam-veut-racheter-les-parts-de-ses-ex-employes\/","title":{"rendered":"Sosucam veut racheter les parts de ses ex-employ\u00e9s"},"content":{"rendered":"<div>\n<p>Au lendemain du\u00a0<a href=\"https:\/\/ecomatin.net\/climat-sociall-sosucam-licencie-250-employes\/\"><strong>licenciemen<\/strong>t <strong>de 250 de ses employ\u00e9s<\/strong><\/a>\u00a0le 8 juin 2021, et de la mise sur pied d\u2019une\u00a0<strong><a href=\"https:\/\/ecomatin.net\/climat-social-une-commission-tripartite-voit-le-jour-a-a-la-sosucam\/\">commission tripartite<\/a><\/strong>\u00a0pour temp\u00e9rer le climat social qui pr\u00e9vaut. Le Directeur g\u00e9n\u00e9ral de la Soci\u00e9t\u00e9 Sucri\u00e8re du Cameroun (Sosucam), Samuel Second Libock ambitionne lancer une op\u00e9ration de rachat des parts de ses ex-employ\u00e9s. Dans un communiqu\u00e9 sign\u00e9 du 31 juillet 2021 et rendu public le 19 ao\u00fbt dernier, le Dg de la soci\u00e9t\u00e9 au capital de 27 milliards de F porte \u00e0 la connaissance des actionnaires de la Sosucam (ex employ\u00e9s ou salari\u00e9s) d\u00e9sireux de vendre leur actions,\u00ab que, ceux-ci doivent se manifester aupr\u00e8s de l\u2019entreprise (Division Juridique\/Contentieux &amp; Assurances) muni des titres nominatifs d\u2019actions, au plus tard le 16 septembre 2021 \u00bb, \u00e9crit le Dg Samuel Second Libock. Lesdites actions seront mises en vente aupr\u00e8s des autres actionnaires moyennant paiement de la somme de 20,000FCFA\/action sur une dur\u00e9e d\u2019un mois et ce, \u00e0 compter du 17 septembre 2021.<\/p>\n<p><strong>Lire aussi<\/strong> : <strong><a href=\"https:\/\/ecomatin.net\/sosucam-sassocie-a-la-douane-pour-tordre-le-cou-au-sucre-de-contrebandee\/\">Sosucam s\u2019associe \u00e0 la douane pour tordre le cou au sucre de contrebande<\/a><\/strong><\/p>\n<p>En contrepartie, selon le communiqu\u00e9 du Dg, la Sosucam s\u2019engage \u00e0 remettre \u00e0 chaque \u00ab actionnaire qui se sera manifest\u00e9 et aura proc\u00e9d\u00e9 \u00e0 la restitution de son (ses) titre(s) une photocopie d\u00e9charg\u00e9e du (des) titre(s) nominatifs d\u2019actions d\u00e9charg\u00e9s \u00bb, peut-on lire du communiqu\u00e9 dont EcoMatin a eu copie.<\/p>\n<p><strong>Lire aussi<\/strong> : <strong><a href=\"https:\/\/ecomatin.net\/climat-social-une-commission-tripartite-voit-le-jour-a-a-la-sosucam\/\">Climat social : une commission tripartite voit le jour \u00e0 la Sosucam<\/a><\/strong><\/p>\n<p>Dans la m\u00eame veine, le Dg fait savoir que les actionnaires ex employ\u00e9s ou salari\u00e9s qui n\u2019ont pas b\u00e9n\u00e9fici\u00e9 d\u2019un portage lors du rachat de la Camsuco (Cameroon Sugar Compagny) seront rembours\u00e9s int\u00e9gralement apr\u00e8s la vente de la totalit\u00e9 des actions. Ceux des actionnaires ex employ\u00e9s ou salari\u00e9s ayant b\u00e9n\u00e9fici\u00e9 d\u2019un portage seront pay\u00e9s apr\u00e8s remboursement \u00e0 la Sosucam du montant du portage que la soci\u00e9t\u00e9 leur a octroy\u00e9 en son temps.<\/p>\n<p><strong>Lire aussi<\/strong> : <strong><a href=\"https:\/\/ecomatin.net\/climat-sociall-sosucam-licencie-250-employes\/\">Climat social : Sosucam licencie 250 employ\u00e9s<\/a><\/strong><\/p>\n<p>L\u2019article <a rel=\"nofollow\" href=\"https:\/\/ecomatin.net\/sosucam-veut-racheter-les-parts-de-ses-ex-employes\/\">Sosucam veut racheter les parts de ses ex-employ\u00e9s<\/a> est apparu en premier sur <a rel=\"nofollow\" href=\"https:\/\/ecomatin.net\/\">EcoMatin<\/a>.<\/p>\n<\/div>\n<p>Auteur: Amina MALLOUM<br \/>\n<a href=\"https:\/\/ecomatin.net\/sosucam-veut-racheter-les-parts-de-ses-ex-employes\/\">Cliquez ici pour lire l&rsquo;article depuis sa source.<\/a><\/p>\n","protected":false},"excerpt":{"rendered":"<p>Au lendemain du\u00a0licenciement de 250 de ses employ\u00e9s\u00a0le 8 juin 2021, et de la mise sur pied d\u2019une\u00a0commission tripartite\u00a0pour temp\u00e9rer le climat social qui pr\u00e9vaut. Le Directeur g\u00e9n\u00e9ral de la Soci\u00e9t\u00e9 Sucri\u00e8re du Cameroun (Sosucam), Samuel Second Libock ambitionne lancer une op\u00e9ration de rachat des parts de ses ex-employ\u00e9s. Dans un communiqu\u00e9 sign\u00e9 du 31 [&hellip;]<\/p>\n","protected":false},"author":1969,"featured_media":0,"comment_status":"closed","ping_status":"closed","sticky":false,"template":"","format":"standard","meta":{"fifu_image_url":"","fifu_image_alt":"","footnotes":""},"categories":[82,78],"tags":[],"class_list":["post-125184","post","type-post","status-publish","format-standard","hentry","category-cameroun","category-economie"],"_links":{"self":[{"href":"https:\/\/linitiative.ca\/International\/wp-json\/wp\/v2\/posts\/125184","targetHints":{"allow":["GET"]}}],"collection":[{"href":"https:\/\/linitiative.ca\/International\/wp-json\/wp\/v2\/posts"}],"about":[{"href":"https:\/\/linitiative.ca\/International\/wp-json\/wp\/v2\/types\/post"}],"author":[{"embeddable":true,"href":"https:\/\/linitiative.ca\/International\/wp-json\/wp\/v2\/users\/1969"}],"replies":[{"embeddable":true,"href":"https:\/\/linitiative.ca\/International\/wp-json\/wp\/v2\/comments?post=125184"}],"version-history":[{"count":0,"href":"https:\/\/linitiative.ca\/International\/wp-json\/wp\/v2\/posts\/125184\/revisions"}],"wp:attachment":[{"href":"https:\/\/linitiative.ca\/International\/wp-json\/wp\/v2\/media?parent=125184"}],"wp:term":[{"taxonomy":"category","embeddable":true,"href":"https:\/\/linitiative.ca\/International\/wp-json\/wp\/v2\/categories?post=125184"},{"taxonomy":"post_tag","embeddable":true,"href":"https:\/\/linitiative.ca\/International\/wp-json\/wp\/v2\/tags?post=125184"}],"curies":[{"name":"wp","href":"https:\/\/api.w.org\/{rel}","templated":true}]}}