{"id":125190,"date":"2021-08-26T10:34:28","date_gmt":"2021-08-26T14:34:28","guid":{"rendered":"https:\/\/linitiative.ca\/International\/casablanca-5-ans-de-reclusion-criminelle-pour-detournement-dune-mineure\/"},"modified":"2021-08-26T10:34:28","modified_gmt":"2021-08-26T14:34:28","slug":"casablanca-5-ans-de-reclusion-criminelle-pour-detournement-dune-mineure","status":"publish","type":"post","link":"https:\/\/linitiative.ca\/International\/casablanca-5-ans-de-reclusion-criminelle-pour-detournement-dune-mineure\/","title":{"rendered":"Casablanca : 5 ans de r\u00e9clusion criminelle pour d\u00e9tournement d\u2019une mineure"},"content":{"rendered":"<div>\n<p><img decoding=\"async\" width=\"300\" height=\"153\" src=\"https:\/\/linitiative.ca\/International\/wp-content\/uploads\/sites\/23\/2021\/08\/Jeunes-Mineure-Viol-300x153-1.jpg\" class=\"attachment-medium size-medium wp-post-image\" alt=\"\" loading=\"lazy\" srcset=\"\/\/aujourdhui.ma\/wp-content\/uploads\/2016\/04\/Jeunes-Mineure-Viol-300x153.jpg 300w, \/\/aujourdhui.ma\/wp-content\/uploads\/2016\/04\/Jeunes-Mineure-Viol.jpg 746w\" sizes=\"auto, (max-width: 300px) 100vw, 300px\"><\/p>\n<p><span style=\"color: #800000;\"><strong>Via le r\u00e9seau social, elle a fait la connaissance de ce jeune homme de vingt-six ans, qui se tient au box des accus\u00e9s \u00e0 la salle d\u2019audience de la chambre criminelle pr\u00e8s la Cour d\u2019appel de Casablanca, poursuivi pour d\u00e9tournement d\u2019une mineure, s\u00e9questration et attentat \u00e0 la pudeur.<\/strong><\/span><span id=\"more-385124\"><\/span><\/p>\n<p>\u00a0<\/p>\n<p>C\u2019est du moins ce que cette adolescente de seize ans vient de d\u00e9clarer devant les trois magistrats. Au fil des jours, elle chattait avec lui au point qu\u2019elle est devenue tr\u00e8s attach\u00e9e \u00e0 lui. Il lui exprimait ses sentiments tout en pr\u00e9tendant qu\u2019il est tomb\u00e9 amoureux d\u2019elle et qu\u2019il est press\u00e9 de la rencontrer. Un mois de conversation virtuelle sans se rencontrer, r\u00e9v\u00e8le-t-elle \u00e0 la Cour tout en pr\u00e9cisant qu\u2019il lui a exprim\u00e9 son d\u00e9sir de la rencontrer le plus t\u00f4t possible. Il lui a m\u00eame exprim\u00e9, toujours virtuellement, qu\u2019il va la demander en mariage d\u00e8s qu\u2019elle devient majeure, pr\u00e9cise-t-elle dans sa d\u00e9claration devant la Cour. Certes, ils se sont rencontr\u00e9s, la premi\u00e8re fois, au centre-ville de Casablanca, et se sont attabl\u00e9s \u00e0 un caf\u00e9.<\/p>\n<p>Devant la Cour, le mis en cause, employ\u00e9 de son \u00e9tat, affirme qu\u2019ils se sont mis d\u2019accord de passer, lors de la prochaine rencontre, de bons moments sur le m\u00eame lit. Mais la fille pr\u00e9cise qu\u2019il lui a expliqu\u00e9 qu\u2019il avait parl\u00e9 d\u2019elle \u00e0 sa m\u00e8re qui voulait la voir. Puisqu\u2019il lui a promis le mariage, cette invitation de la m\u00e8re l\u2019a rendue pleine de joie, selon ses d\u00e9clarations devant la Cour. Une semaine plus tard, ils se sont rencontr\u00e9s. Le jeune homme l\u2019a conduite vers le domicile parental. D\u00e8s qu\u2019elle y est rentr\u00e9e, elle a remarqu\u00e9 qu\u2019il n\u2019y avait personne. En lui demandant d\u2019appeler sa m\u00e8re par t\u00e9l\u00e9phone, il lui a expliqu\u00e9 qu\u2019elle allait rentrer dans une demi-heure. Et tout d\u2019un coup, il s\u2019est appr\u00eat\u00e9 \u00e0 l\u2019embrasser. Elle l\u2019a pouss\u00e9, pr\u00e9cise-t-elle \u00e0 la Cour.<\/p>\n<p>Elle a tent\u00e9 de quitter les lieux. Mais, il l\u2019a gifl\u00e9e pour devenir un monstre. Il lui a enlev\u00e9 ses effets vestimentaires pour abuser d\u2019elle sans la d\u00e9puceler. Il l\u2019a m\u00eame sodomis\u00e9e. Il l\u2019a s\u00e9questr\u00e9e durant trois heures avant de l\u2019emmener au centre-ville pour qu\u2019elle prenne un grand taxi allant \u00e0 Sidi Bernoussi. Chez elle, elle a tout racont\u00e9 \u00e0 sa m\u00e8re. Une plainte a \u00e9t\u00e9 port\u00e9e et le jeune violeur a \u00e9t\u00e9 arr\u00eat\u00e9. Ce dernier se contente d\u2019expliquer \u00e0 la Cour qu\u2019elle l\u2019a accompagn\u00e9 de son plein gr\u00e9 tout en \u00e9tant au courant qu\u2019ils allaient coucher ensemble. Verdict : Jug\u00e9 coupable pour les accusations qui lui ont \u00e9t\u00e9 attribu\u00e9es, il \u00e9cope de cinq ans de r\u00e9clusion criminelle.<\/p>\n<\/div>\n<p>Auteur: Abderrafii ALOUMLIKI<br \/>\n<a href=\"https:\/\/aujourdhui.ma\/faits-divers\/casablanca-5-ans-de-reclusion-criminelle-pour-detournement-dune-mineure\">Cliquez ici pour lire l&rsquo;article depuis sa source.<\/a><\/p>\n","protected":false},"excerpt":{"rendered":"<p>Via le r\u00e9seau social, elle a fait la connaissance de ce jeune homme de vingt-six ans, qui se tient au box des accus\u00e9s \u00e0 la salle d\u2019audience de la chambre criminelle pr\u00e8s la Cour d\u2019appel de Casablanca, poursuivi pour d\u00e9tournement d\u2019une mineure, s\u00e9questration et attentat \u00e0 la pudeur. \u00a0 C\u2019est du moins ce que cette [&hellip;]<\/p>\n","protected":false},"author":1759,"featured_media":0,"comment_status":"closed","ping_status":"closed","sticky":false,"template":"","format":"standard","meta":{"fifu_image_url":"https:\/\/aujourdhui.ma\/wp-content\/uploads\/2016\/04\/Jeunes-Mineure-Viol-300x153.jpg","fifu_image_alt":"Casablanca : 5 ans de r\u00e9clusion criminelle pour d\u00e9tournement d\u2019une mineure","footnotes":""},"categories":[73,54],"tags":[],"class_list":["post-125190","post","type-post","status-publish","format-standard","hentry","category-actualite","category-maroc"],"_links":{"self":[{"href":"https:\/\/linitiative.ca\/International\/wp-json\/wp\/v2\/posts\/125190","targetHints":{"allow":["GET"]}}],"collection":[{"href":"https:\/\/linitiative.ca\/International\/wp-json\/wp\/v2\/posts"}],"about":[{"href":"https:\/\/linitiative.ca\/International\/wp-json\/wp\/v2\/types\/post"}],"author":[{"embeddable":true,"href":"https:\/\/linitiative.ca\/International\/wp-json\/wp\/v2\/users\/1759"}],"replies":[{"embeddable":true,"href":"https:\/\/linitiative.ca\/International\/wp-json\/wp\/v2\/comments?post=125190"}],"version-history":[{"count":0,"href":"https:\/\/linitiative.ca\/International\/wp-json\/wp\/v2\/posts\/125190\/revisions"}],"wp:attachment":[{"href":"https:\/\/linitiative.ca\/International\/wp-json\/wp\/v2\/media?parent=125190"}],"wp:term":[{"taxonomy":"category","embeddable":true,"href":"https:\/\/linitiative.ca\/International\/wp-json\/wp\/v2\/categories?post=125190"},{"taxonomy":"post_tag","embeddable":true,"href":"https:\/\/linitiative.ca\/International\/wp-json\/wp\/v2\/tags?post=125190"}],"curies":[{"name":"wp","href":"https:\/\/api.w.org\/{rel}","templated":true}]}}