{"id":125192,"date":"2021-08-26T10:34:44","date_gmt":"2021-08-26T14:34:44","guid":{"rendered":"https:\/\/linitiative.ca\/International\/al-hoceima-de-la-prison-pour-deux-suspects-organisant-limmigration-clandestine\/"},"modified":"2021-08-26T10:34:44","modified_gmt":"2021-08-26T14:34:44","slug":"al-hoceima-de-la-prison-pour-deux-suspects-organisant-limmigration-clandestine","status":"publish","type":"post","link":"https:\/\/linitiative.ca\/International\/al-hoceima-de-la-prison-pour-deux-suspects-organisant-limmigration-clandestine\/","title":{"rendered":"Al Hoceima : De la prison pour deux suspects organisant l\u2019immigration clandestine"},"content":{"rendered":"<div>\n<p><img decoding=\"async\" width=\"300\" height=\"153\" src=\"https:\/\/linitiative.ca\/International\/wp-content\/uploads\/sites\/23\/2021\/08\/Arrestation-Police-300x153-2.jpg\" class=\"attachment-medium size-medium wp-post-image\" alt=\"\" loading=\"lazy\" srcset=\"\/\/aujourdhui.ma\/wp-content\/uploads\/2020\/02\/Arrestation-Police-300x153.jpg 300w, \/\/aujourdhui.ma\/wp-content\/uploads\/2020\/02\/Arrestation-Police.jpg 746w\" sizes=\"auto, (max-width: 300px) 100vw, 300px\"><\/p>\n<p><strong>Deux mis en causes, qui se chargeaient d\u2019aider les r\u00eaveurs de l\u2019Eldorado \u00e0 \u00e9migrer clandestinement, ont \u00e9t\u00e9 condamn\u00e9s, lundi dernier, par la Chambre criminelle pr\u00e8s la Cour d\u2019appel d\u2019Al Hoceima, respectivement \u00e0 trois ans de prison ferme assortie d\u2019une amende de cinq mille dirhams et \u00e0 deux ans de prison dont huit mois ferme et les seize mois restants avec sursis.<\/strong><span id=\"more-385127\"><\/span><\/p>\n<p>En effet, jug\u00e9s coupables pour constitution d\u2019une bande de malfaiteurs et organisation de l\u2019immigration clandestine, ils ont \u00e9t\u00e9 arr\u00eat\u00e9s apr\u00e8s la saisie de leur barque \u00e9quip\u00e9e d\u2019un moteur qu\u2019ils utilisaient pour faire traverser la mer aux r\u00eaveurs de l\u2019Eldorado contre des sommes d\u2019argent.<\/p>\n<\/div>\n<p>Auteur: Abderrafii ALOUMLIKI<br \/>\n<a href=\"https:\/\/aujourdhui.ma\/faits-divers\/al-hoceima-de-la-prison-pour-deux-suspects-organisant-limmigration-clandestine\">Cliquez ici pour lire l&rsquo;article depuis sa source.<\/a><\/p>\n","protected":false},"excerpt":{"rendered":"<p>Deux mis en causes, qui se chargeaient d\u2019aider les r\u00eaveurs de l\u2019Eldorado \u00e0 \u00e9migrer clandestinement, ont \u00e9t\u00e9 condamn\u00e9s, lundi dernier, par la Chambre criminelle pr\u00e8s la Cour d\u2019appel d\u2019Al Hoceima, respectivement \u00e0 trois ans de prison ferme assortie d\u2019une amende de cinq mille dirhams et \u00e0 deux ans de prison dont huit mois ferme et [&hellip;]<\/p>\n","protected":false},"author":1759,"featured_media":0,"comment_status":"closed","ping_status":"closed","sticky":false,"template":"","format":"standard","meta":{"fifu_image_url":"https:\/\/aujourdhui.ma\/wp-content\/uploads\/2020\/02\/Arrestation-Police-300x153.jpg","fifu_image_alt":"Al Hoceima : De la prison pour deux suspects organisant l\u2019immigration clandestine","footnotes":""},"categories":[73,54],"tags":[],"class_list":["post-125192","post","type-post","status-publish","format-standard","hentry","category-actualite","category-maroc"],"_links":{"self":[{"href":"https:\/\/linitiative.ca\/International\/wp-json\/wp\/v2\/posts\/125192","targetHints":{"allow":["GET"]}}],"collection":[{"href":"https:\/\/linitiative.ca\/International\/wp-json\/wp\/v2\/posts"}],"about":[{"href":"https:\/\/linitiative.ca\/International\/wp-json\/wp\/v2\/types\/post"}],"author":[{"embeddable":true,"href":"https:\/\/linitiative.ca\/International\/wp-json\/wp\/v2\/users\/1759"}],"replies":[{"embeddable":true,"href":"https:\/\/linitiative.ca\/International\/wp-json\/wp\/v2\/comments?post=125192"}],"version-history":[{"count":0,"href":"https:\/\/linitiative.ca\/International\/wp-json\/wp\/v2\/posts\/125192\/revisions"}],"wp:attachment":[{"href":"https:\/\/linitiative.ca\/International\/wp-json\/wp\/v2\/media?parent=125192"}],"wp:term":[{"taxonomy":"category","embeddable":true,"href":"https:\/\/linitiative.ca\/International\/wp-json\/wp\/v2\/categories?post=125192"},{"taxonomy":"post_tag","embeddable":true,"href":"https:\/\/linitiative.ca\/International\/wp-json\/wp\/v2\/tags?post=125192"}],"curies":[{"name":"wp","href":"https:\/\/api.w.org\/{rel}","templated":true}]}}