{"id":125196,"date":"2021-08-25T14:00:00","date_gmt":"2021-08-25T18:00:00","guid":{"rendered":"https:\/\/linitiative.ca\/International\/appel-a-proteger-linestimable-patrimoine-culturel-afghan\/"},"modified":"2021-08-25T14:00:00","modified_gmt":"2021-08-25T18:00:00","slug":"appel-a-proteger-linestimable-patrimoine-culturel-afghan","status":"publish","type":"post","link":"https:\/\/linitiative.ca\/International\/appel-a-proteger-linestimable-patrimoine-culturel-afghan\/","title":{"rendered":"Appel \u00e0 prot\u00e9ger l\u2019inestimable patrimoine culturel Afghan"},"content":{"rendered":"<div>\n<p class=\"has-text-align-center has-vivid-red-color has-text-color\"><strong>UNESCO<\/strong><\/p>\n<p class=\"has-black-color has-text-color\"><strong>Vingt ans apr\u00e8s la destruction d\u00e9lib\u00e9r\u00e9e des Bouddhas de Bamiyan, un site du patrimoine mondial et face \u00e0 l\u2019\u00e9volution rapide des \u00e9v\u00e9nements en Afghanistan, l\u2019Organisation des Nations Unies pour l\u2019Education, la Science et la Culture (UNESCO), a appel\u00e9 jeudi \u00e0 \u00ab\u00a0la protection du patrimoine culturel dans sa diversit\u00e9\u00a0\u00bb, dans ce pays d\u2019Asie centrale tomb\u00e9 entre les mains des talibans.<\/strong><\/p>\n<p class=\"has-black-color has-text-color\">La Directrice g\u00e9n\u00e9rale de l\u2019UNESCO, Audrey Azoulay, \u00ab\u00a0appelle \u00e0 pr\u00e9server le patrimoine culturel de l\u2019Afghanistan dans sa diversit\u00e9, dans le plein respect du droit international, et \u00e0 prendre toutes les pr\u00e9cautions n\u00e9cessaires pour prot\u00e9ger le patrimoine culturel de tout dommage et des pillages\u00a0\u00bb, indique un communiqu\u00e9 de l\u2019agence onusienne bas\u00e9e \u00e0 Paris.<\/p>\n<p class=\"has-black-color has-text-color\">\u00ab\u00a0L\u2019UNESCO suit de pr\u00e8s la situation sur le terrain et s\u2019engage \u00e0 d\u00e9ployer tous les efforts possibles pour sauvegarder l\u2019inestimable patrimoine culturel afghan\u00a0\u00bb, a soulign\u00e9 Audrey Azoulay, pour qui \u00ab\u00a0tout dommage ou perte du patrimoine culturel ne fera que r\u00e9duire les perspectives d\u2019une paix durable et d\u2019am\u00e9lioration de la situation humanitaire pour le peuple afghan\u00a0\u00bb.<\/p>\n<p class=\"has-black-color has-text-color\">En outre, \u00ab\u00a0l\u2019UNESCO souligne la n\u00e9cessit\u00e9 de garantir un environnement de travail s\u00fbr pour les professionnels du patrimoine culturel et les artistes locaux, qui jouent un r\u00f4le central pour la coh\u00e9sion nationale et le tissu social de l\u2019Afghanistan\u00a0\u00bb, a-t-elle d\u00e9clar\u00e9.<\/p>\n<p class=\"has-black-color has-text-color\">L\u2019Afghanistan est riche de patrimoines culturels d\u2019une grande diversit\u00e9 qu\u2019il convient de sauvegarder car ils font partie int\u00e9grante de l\u2019histoire et de l\u2019identit\u00e9 afghanes et rev\u00eatent une importance capitale pour l\u2019humanit\u00e9 dans son ensemble.<\/p>\n<p class=\"has-black-color has-text-color\">Il s\u2019agit notamment de la vieille ville de Herat, de sites du patrimoine mondial de l\u2019UNESCO tels que le Minaret et les vestiges arch\u00e9ologiques de Djam et le Paysage culturel et les vestiges arch\u00e9ologiques de la vall\u00e9e de Bamiyan, o\u00f9 l\u2019UNESCO travaille depuis plusieurs d\u00e9cennies, ainsi que des mus\u00e9es, dont le Mus\u00e9e national de Kaboul.<br \/>\u00ab\u00a0Il est crucial pour l\u2019avenir de l\u2019Afghanistan de sauvegarder et de pr\u00e9server ces sites\u00a0\u00bb, affirme l\u2019UNESCO.<\/p>\n<p>L\u2019article <a rel=\"nofollow\" href=\"http:\/\/albayane.press.ma\/appel-a-proteger-linestimable-patrimoine-culturel-afghan.html\">Appel \u00e0 prot\u00e9ger l\u2019inestimable patrimoine culturel Afghan<\/a> est apparu en premier sur <a rel=\"nofollow\" href=\"http:\/\/albayane.press.ma\/\">ALBAYANE<\/a>.<\/p>\n<\/div>\n<p>Auteur: M&rsquo;hammed rahal<br \/>\n<a href=\"http:\/\/albayane.press.ma\/appel-a-proteger-linestimable-patrimoine-culturel-afghan.html\">Cliquez ici pour lire l&rsquo;article depuis sa source.<\/a><\/p>\n","protected":false},"excerpt":{"rendered":"<p>UNESCO Vingt ans apr\u00e8s la destruction d\u00e9lib\u00e9r\u00e9e des Bouddhas de Bamiyan, un site du patrimoine mondial et face \u00e0 l\u2019\u00e9volution rapide des \u00e9v\u00e9nements en Afghanistan, l\u2019Organisation des Nations Unies pour l\u2019Education, la Science et la Culture (UNESCO), a appel\u00e9 jeudi \u00e0 \u00ab\u00a0la protection du patrimoine culturel dans sa diversit\u00e9\u00a0\u00bb, dans ce pays d\u2019Asie centrale tomb\u00e9 [&hellip;]<\/p>\n","protected":false},"author":1760,"featured_media":0,"comment_status":"closed","ping_status":"closed","sticky":false,"template":"","format":"standard","meta":{"fifu_image_url":"","fifu_image_alt":"","footnotes":""},"categories":[73,54],"tags":[],"class_list":["post-125196","post","type-post","status-publish","format-standard","hentry","category-actualite","category-maroc"],"_links":{"self":[{"href":"https:\/\/linitiative.ca\/International\/wp-json\/wp\/v2\/posts\/125196","targetHints":{"allow":["GET"]}}],"collection":[{"href":"https:\/\/linitiative.ca\/International\/wp-json\/wp\/v2\/posts"}],"about":[{"href":"https:\/\/linitiative.ca\/International\/wp-json\/wp\/v2\/types\/post"}],"author":[{"embeddable":true,"href":"https:\/\/linitiative.ca\/International\/wp-json\/wp\/v2\/users\/1760"}],"replies":[{"embeddable":true,"href":"https:\/\/linitiative.ca\/International\/wp-json\/wp\/v2\/comments?post=125196"}],"version-history":[{"count":0,"href":"https:\/\/linitiative.ca\/International\/wp-json\/wp\/v2\/posts\/125196\/revisions"}],"wp:attachment":[{"href":"https:\/\/linitiative.ca\/International\/wp-json\/wp\/v2\/media?parent=125196"}],"wp:term":[{"taxonomy":"category","embeddable":true,"href":"https:\/\/linitiative.ca\/International\/wp-json\/wp\/v2\/categories?post=125196"},{"taxonomy":"post_tag","embeddable":true,"href":"https:\/\/linitiative.ca\/International\/wp-json\/wp\/v2\/tags?post=125196"}],"curies":[{"name":"wp","href":"https:\/\/api.w.org\/{rel}","templated":true}]}}