{"id":125200,"date":"2021-08-25T14:00:00","date_gmt":"2021-08-25T18:00:00","guid":{"rendered":"https:\/\/linitiative.ca\/International\/lincurable-simplisme-des-generaux\/"},"modified":"2021-08-25T14:00:00","modified_gmt":"2021-08-25T18:00:00","slug":"lincurable-simplisme-des-generaux","status":"publish","type":"post","link":"https:\/\/linitiative.ca\/International\/lincurable-simplisme-des-generaux\/","title":{"rendered":"L\u2019incurable simplisme  des g\u00e9n\u00e9raux \u2026"},"content":{"rendered":"<div>\n<p class=\"has-text-align-right has-black-color has-text-color\"><strong>Najib Amrani<\/strong><\/p>\n<p class=\"has-black-color has-text-color\"><strong>L\u2019annonce par le r\u00e9gime militaire alg\u00e9rien de la rupture des relations diplomatiques avec le Maroc, \u00e9tait certes attendue, au niveau de son contenu, vu l\u2019escalade diplomatique et m\u00e9diatique qui l\u2019avait pr\u00e9c\u00e9d\u00e9e, mais son argumentaire disproportionn\u00e9 rel\u00e8ve de l\u2019aberration, de l\u2019ali\u00e9nation, si ce n\u2019est de la psychose.<\/strong><\/p>\n<p class=\"has-black-color has-text-color\">A court d\u2019id\u00e9es et d\u2019arguments et pris de court par l\u2019initiative Royale de tourner la page du pass\u00e9, le r\u00e9gime militaire du voisin de l\u2019Est a \u00ab claqu\u00e9 \u00bb une porte ferm\u00e9e : les fronti\u00e8res entre les deux pays et les relations diplomatiques qu\u2019il a d\u00e9cid\u00e9 de rompre aujourd\u2019hui \u00e9taient, depuis longtemps d\u00e9j\u00e0, alt\u00e9r\u00e9es et difficiles.\u00a0<\/p>\n<p class=\"has-black-color has-text-color\">Sur ordre des militaires, Lamamra a r\u00e9pondu \u00e0 la magnanimit\u00e9 marocaine par l\u2019idiotie et la b\u00eatise\u2026 Un bond dans le n\u00e9ant, d\u00e9bordant de d\u00e9sespoir et de d\u00e9tresse.<\/p>\n<p class=\"has-black-color has-text-color\">Pour esquiver l\u2019offre Royale, plein de bon sens et conforme aux attentes des deux peuples, les dirigeants alg\u00e9riens n\u2019ont cess\u00e9, depuis le d\u00e9but de tergiverser. Demandant des excuses publiques au d\u00e9but, ils finiront par se rapetisser \u00e0 exploiter une catastrophe naturelle \u00ab\u00a0les feux de for\u00eats en Kabylie\u00a0\u00bb pour accabler le Maroc. Une accusation qui en dit long sur le quotient intellectuel des Chengriha and Co.<\/p>\n<p class=\"has-black-color has-text-color\">En fait, les r\u00e9gents d\u2019Alger ont, par cette d\u00e9marche folle, r\u00e9pondu aux revendications du peuple alg\u00e9rien, mobilis\u00e9\u00a0 depuis des ann\u00e9es dans la cadre de son \u00ab Hirak \u00bb populaire et pacifique pour l\u2019\u00e9tablissement d\u2019un \u00e9tat civil, d\u2019une v\u00e9ritable d\u00e9mocratie qui le\u00a0 m\u00e8nera sur les sentiers du d\u00e9veloppement, de la justice sociale et des libert\u00e9s.\u00a0 En jetant leur d\u00e9volu sur le Maroc, le r\u00e9gime militaire cherche tout simplement \u00e0 d\u00e9tourner l\u2019attention du peuple sur les v\u00e9ritables causes de la crise socio-\u00e9conomique qui secoue ce riche pays du Grand Maghreb. Une attitude pour le moins habituelle chez les r\u00e9gimes totalitaires, mais qui, dans le cas alg\u00e9rien prend une dimension dramatique. Elever son voisin au rang d\u2019ennemi public et l\u2019accuser de tous les maux qui frappent le pays, y compris la p\u00e9nurie du lait et de l\u2019eau potable, voire m\u00eame des feux de for\u00eats, est tout juste l\u2019expression d\u2019un simplisme d\u00e9concertant.<\/p>\n<p class=\"has-black-color has-text-color\">Le d\u00e9sespoir de ce r\u00e9gime, d\u00e9cri\u00e9 en interne comme aux niveaux continental et international, le pousse, chaque jour davantage, sur la voie de l\u2019illusion de l\u2019abime\u2026<\/p>\n<p>L\u2019article <a rel=\"nofollow\" href=\"http:\/\/albayane.press.ma\/lincurable-simplisme-des-generaux.html\">L\u2019incurable simplisme  des g\u00e9n\u00e9raux \u2026<\/a> est apparu en premier sur <a rel=\"nofollow\" href=\"http:\/\/albayane.press.ma\/\">ALBAYANE<\/a>.<\/p>\n<\/div>\n<p>Auteur: M&rsquo;hammed rahal<br \/>\n<a href=\"http:\/\/albayane.press.ma\/lincurable-simplisme-des-generaux.html\">Cliquez ici pour lire l&rsquo;article depuis sa source.<\/a><\/p>\n","protected":false},"excerpt":{"rendered":"<p>Najib Amrani L\u2019annonce par le r\u00e9gime militaire alg\u00e9rien de la rupture des relations diplomatiques avec le Maroc, \u00e9tait certes attendue, au niveau de son contenu, vu l\u2019escalade diplomatique et m\u00e9diatique qui l\u2019avait pr\u00e9c\u00e9d\u00e9e, mais son argumentaire disproportionn\u00e9 rel\u00e8ve de l\u2019aberration, de l\u2019ali\u00e9nation, si ce n\u2019est de la psychose. A court d\u2019id\u00e9es et d\u2019arguments et pris [&hellip;]<\/p>\n","protected":false},"author":1760,"featured_media":0,"comment_status":"closed","ping_status":"closed","sticky":false,"template":"","format":"standard","meta":{"fifu_image_url":"","fifu_image_alt":"","footnotes":""},"categories":[73,54],"tags":[],"class_list":["post-125200","post","type-post","status-publish","format-standard","hentry","category-actualite","category-maroc"],"_links":{"self":[{"href":"https:\/\/linitiative.ca\/International\/wp-json\/wp\/v2\/posts\/125200","targetHints":{"allow":["GET"]}}],"collection":[{"href":"https:\/\/linitiative.ca\/International\/wp-json\/wp\/v2\/posts"}],"about":[{"href":"https:\/\/linitiative.ca\/International\/wp-json\/wp\/v2\/types\/post"}],"author":[{"embeddable":true,"href":"https:\/\/linitiative.ca\/International\/wp-json\/wp\/v2\/users\/1760"}],"replies":[{"embeddable":true,"href":"https:\/\/linitiative.ca\/International\/wp-json\/wp\/v2\/comments?post=125200"}],"version-history":[{"count":0,"href":"https:\/\/linitiative.ca\/International\/wp-json\/wp\/v2\/posts\/125200\/revisions"}],"wp:attachment":[{"href":"https:\/\/linitiative.ca\/International\/wp-json\/wp\/v2\/media?parent=125200"}],"wp:term":[{"taxonomy":"category","embeddable":true,"href":"https:\/\/linitiative.ca\/International\/wp-json\/wp\/v2\/categories?post=125200"},{"taxonomy":"post_tag","embeddable":true,"href":"https:\/\/linitiative.ca\/International\/wp-json\/wp\/v2\/tags?post=125200"}],"curies":[{"name":"wp","href":"https:\/\/api.w.org\/{rel}","templated":true}]}}