{"id":125201,"date":"2021-08-26T05:06:09","date_gmt":"2021-08-26T09:06:09","guid":{"rendered":"https:\/\/linitiative.ca\/International\/un-effort-considerable-pour-le-developpement-des-chaines-de-production\/"},"modified":"2021-08-26T05:06:09","modified_gmt":"2021-08-26T09:06:09","slug":"un-effort-considerable-pour-le-developpement-des-chaines-de-production","status":"publish","type":"post","link":"https:\/\/linitiative.ca\/International\/un-effort-considerable-pour-le-developpement-des-chaines-de-production\/","title":{"rendered":"Un effort consid\u00e9rable pour le d\u00e9veloppement des cha\u00eenes de production"},"content":{"rendered":"<div>\n<div style=\"margin-bottom:20px;\"><img loading=\"lazy\" decoding=\"async\" width=\"750\" height=\"430\" src=\"https:\/\/linitiative.ca\/International\/wp-content\/uploads\/sites\/23\/2021\/08\/indh-2.jpg\" class=\"attachment-post-thumbnail size-post-thumbnail wp-post-image\" alt=\"\" srcset=\"https:\/\/linitiative.ca\/International\/wp-content\/uploads\/sites\/23\/2021\/08\/indh-2.jpg 750w, http:\/\/www.mapmarrakech.ma\/map\/uploads\/2021\/08\/indh-2-300x172.jpg 300w\" sizes=\"auto, (max-width: 750px) 100vw, 750px\"><\/div>\n<p>La contribution de l\u2019INDH au financement de ces projets visant \u00e0 appuyer l\u2019activit\u00e9 des principales cha\u00eenes de production \u00e0 l\u2019\u00e9chelle de la province, s\u2019\u00e9l\u00e8ve \u00e0 1.070.000 DH, selon les donn\u00e9es de la Division de l\u2019Action Sociale (DAS) de la pr\u00e9fecture.<\/p>\n<p>Ainsi, les projets retenus par le Comit\u00e9 Provincial du D\u00e9veloppement Humain (CPDH) dans le cadre du programme 3 de la phase III de l\u2019Initiative se r\u00e9partissent entre la p\u00eache maritime (3) et l\u2019agriculture (2), deux secteurs vitaux de l\u2019\u00e9conomie locale.<\/p>\n<p>Les trois projets relatifs \u00e0 la p\u00eache maritime ont port\u00e9 sur l\u2019acquisition de 19 moteurs des barques de la p\u00eache artisanale au profit de l\u2019Association des marins de Tafdna, de l\u2019Association Tissa de la p\u00eache artisanale (12 moteurs) et de la Coop\u00e9rative de Sidi Sa\u00e2dine (21 moteurs).<\/p>\n<p>Pour ce qui du secteur agricole, les projets men\u00e9s ont concern\u00e9 l\u2019appui \u00e0 l\u2019\u00e9quipement de la Coop\u00e9rative d\u2019argan de Timgharine et au soutien de l\u2019\u00e9quipement de la salle d\u2019exposition au si\u00e8ge de l\u2019Union d\u2019apiculture et de production de miel.<\/p>\n<p>A rappeler que le programme 3 de la phase III de l\u2019INDH relatif \u00e0 l\u2019am\u00e9lioration du revenu et \u00e0 l\u2019inclusion \u00e9conomique des jeunes (2019-2023) vise \u00e0 soutenir la compl\u00e9mentarit\u00e9 \u00e9conomique des jeunes au Maroc, \u00e0 travers l\u2019exp\u00e9rience adopt\u00e9e au niveau de la r\u00e9gion Marrakech-Safi qui pr\u00f4ne une approche int\u00e9gr\u00e9e et coh\u00e9rente pour l\u2019am\u00e9lioration de l\u2019inclusion \u00e9conomique des jeunes.<\/p>\n<p>Cette approche tend \u00e0 investir dans la main d\u2019\u0153uvre jeune, \u00e0 travers sa pr\u00e9paration pour int\u00e9grer le march\u00e9 du travail tout en la dotant des comp\u00e9tences et des expertises requises, ainsi qu\u2019\u00e0 investir dans le climat de l\u2019entrepreneuriat et dans les cha\u00eenes de production \u00e0 forte valeur ajout\u00e9e pour la cr\u00e9ation d\u2019opportunit\u00e9s d\u2019emploi.<\/p>\n<p>Ledit programme s\u2019assigne pour principaux objectifs la promotion de l\u2019employabilit\u00e9 de plusieurs cat\u00e9gories de jeunes, \u00e0 travers la g\u00e9n\u00e9ralisation de l\u2019acc\u00e8s aux informations, aux services d\u2019orientation et de formation bas\u00e9e sur le d\u00e9veloppement des comp\u00e9tences acquises, le renforcement de l\u2019esprit d\u2019initiative et le d\u00e9veloppement des cha\u00eenes de production qui pourraient cr\u00e9er des opportunit\u00e9s d\u2019emplois, ainsi que la consolidation des capacit\u00e9s des parties institutionnelles pour davantage de coordination.<\/p>\n<p>The post <a rel=\"nofollow\" href=\"http:\/\/www.mapmarrakech.ma\/fr\/un-effort-considerable-pour-le-developpement-des-chaines-de-production\/\">Un effort consid\u00e9rable pour le d\u00e9veloppement des cha\u00eenes de production<\/a> appeared first on <a rel=\"nofollow\" href=\"http:\/\/www.mapmarrakech.ma\/fr\">MapMarrakech<\/a>.<\/p>\n<\/div>\n<p>Auteur: Mohammed KOURSI<br \/>\n<a href=\"http:\/\/www.mapmarrakech.ma\/fr\/un-effort-considerable-pour-le-developpement-des-chaines-de-production\/\">Cliquez ici pour lire l&rsquo;article depuis sa source.<\/a><\/p>\n","protected":false},"excerpt":{"rendered":"<p>La contribution de l\u2019INDH au financement de ces projets visant \u00e0 appuyer l\u2019activit\u00e9 des principales cha\u00eenes de production \u00e0 l\u2019\u00e9chelle de la province, s\u2019\u00e9l\u00e8ve \u00e0 1.070.000 DH, selon les donn\u00e9es de la Division de l\u2019Action Sociale (DAS) de la pr\u00e9fecture. Ainsi, les projets retenus par le Comit\u00e9 Provincial du D\u00e9veloppement Humain (CPDH) dans le cadre [&hellip;]<\/p>\n","protected":false},"author":1788,"featured_media":0,"comment_status":"closed","ping_status":"closed","sticky":false,"template":"","format":"standard","meta":{"fifu_image_url":"http:\/\/www.mapmarrakech.ma\/map\/uploads\/2021\/08\/indh-2.jpg","fifu_image_alt":"Un effort consid\u00e9rable pour le d\u00e9veloppement des cha\u00eenes de production","footnotes":""},"categories":[54,76],"tags":[],"class_list":["post-125201","post","type-post","status-publish","format-standard","hentry","category-maroc","category-regions"],"_links":{"self":[{"href":"https:\/\/linitiative.ca\/International\/wp-json\/wp\/v2\/posts\/125201","targetHints":{"allow":["GET"]}}],"collection":[{"href":"https:\/\/linitiative.ca\/International\/wp-json\/wp\/v2\/posts"}],"about":[{"href":"https:\/\/linitiative.ca\/International\/wp-json\/wp\/v2\/types\/post"}],"author":[{"embeddable":true,"href":"https:\/\/linitiative.ca\/International\/wp-json\/wp\/v2\/users\/1788"}],"replies":[{"embeddable":true,"href":"https:\/\/linitiative.ca\/International\/wp-json\/wp\/v2\/comments?post=125201"}],"version-history":[{"count":0,"href":"https:\/\/linitiative.ca\/International\/wp-json\/wp\/v2\/posts\/125201\/revisions"}],"wp:attachment":[{"href":"https:\/\/linitiative.ca\/International\/wp-json\/wp\/v2\/media?parent=125201"}],"wp:term":[{"taxonomy":"category","embeddable":true,"href":"https:\/\/linitiative.ca\/International\/wp-json\/wp\/v2\/categories?post=125201"},{"taxonomy":"post_tag","embeddable":true,"href":"https:\/\/linitiative.ca\/International\/wp-json\/wp\/v2\/tags?post=125201"}],"curies":[{"name":"wp","href":"https:\/\/api.w.org\/{rel}","templated":true}]}}