{"id":125203,"date":"2021-08-26T05:17:56","date_gmt":"2021-08-26T09:17:56","guid":{"rendered":"https:\/\/linitiative.ca\/International\/elections-rencontre-de-communication-avec-les-tetes-de-listes\/"},"modified":"2021-08-26T05:17:56","modified_gmt":"2021-08-26T09:17:56","slug":"elections-rencontre-de-communication-avec-les-tetes-de-listes","status":"publish","type":"post","link":"https:\/\/linitiative.ca\/International\/elections-rencontre-de-communication-avec-les-tetes-de-listes\/","title":{"rendered":"\u00c9lections: Rencontre de communication avec les t\u00eates de listes"},"content":{"rendered":"<div>\n<div style=\"margin-bottom:20px;\"><img loading=\"lazy\" decoding=\"async\" width=\"750\" height=\"430\" src=\"https:\/\/linitiative.ca\/International\/wp-content\/uploads\/sites\/23\/2021\/08\/Elections-2-1.jpg\" class=\"attachment-post-thumbnail size-post-thumbnail wp-post-image\" alt=\"\" srcset=\"https:\/\/linitiative.ca\/International\/wp-content\/uploads\/sites\/23\/2021\/08\/Elections-2-1.jpg 750w, http:\/\/www.mapmarrakech.ma\/map\/uploads\/2021\/08\/Elections-2-1-300x172.jpg 300w\" sizes=\"auto, (max-width: 750px) 100vw, 750px\"><\/div>\n<p>Pr\u00e9sid\u00e9e par le gouverneur de la province d\u2019El Kela\u00e2 des\u00a0Sraghna, M. Hicham Smahi, en pr\u00e9sence de responsables de la province et des agents d\u2019autorit\u00e9, cette rencontre a constitu\u00e9 une occasion pour informer les mandataires de listes de candidature aux prochaines \u00e9lections sur les mesures prises durant la campagne \u00e9lectorale en prenant en compte la conjoncture sanitaire exceptionnelle actuelle.<\/p>\n<p>Ces mesures recommandent de ne pas d\u00e9passer 25 personnes lors des rassemblements publics dans les espaces ferm\u00e9s et ouverts et d\u2019\u00e9viter l\u2019organisation de meetings dans les espaces ouverts connaissant un encombrement, ainsi que l\u2019am\u00e9nagement de tentes dans les espaces publics.<\/p>\n<p>Il s\u2019agit aussi de ne pas d\u00e9passer 10 personnes au maximum lors des tourn\u00e9es \u00e9lectorales et d\u2019\u00e9viter la distribution de d\u00e9pliants aux \u00e9lecteurs dans les espaces publics ou leurs domiciles.<\/p>\n<p>Dans une allocution \u00e0 cette circonstance, M. Smahi a tenu \u00e0 rappeler que les mesures pr\u00e9ventives inscrites dans le cadre de l\u2019\u00e9tat d\u2019urgence sanitaire doivent \u00eatre prises en compte lors de ces \u00e9ch\u00e9ances \u00e9lectorales \u00e9tant donn\u00e9 que l\u2019enjeu de ces \u00e9lections doit tenir en compte \u00e0 la fois la cons\u00e9cration du processus d\u00e9mocratique, mais aussi le souci du d\u00e9roulement de ces \u00e9ch\u00e9ances dans des conditions garantissant la protection de la sant\u00e9 des citoyens.<\/p>\n<p>Dans ce cadre, il a appel\u00e9 les mandataires de listes de candidature aux \u00e9lections de veiller \u00e0 la bonne mise en \u0153uvre de ces mesures afin de garantir la r\u00e9ussite de cette importante \u00e9tape d\u00e9mocratique, qui en d\u00e9coulera des institutions constitutionnelles fortes.<\/p>\n<p>Par la suite, il a \u00e9t\u00e9 proc\u00e9d\u00e9 au tirage au sort pour l\u2019exploitation des lieux r\u00e9serv\u00e9s aux affiches \u00e9lectorales des programmes des partis politiques participant aux \u00e9lections du 08 septembre prochain.<\/p>\n<p>A rappeler que la campagne \u00e9lectorale pour les \u00e9lections de septembre prochain d\u00e9butera \u00e0 la premi\u00e8re heure du jeudi 26 ao\u00fbt, et se terminera \u00e0 minuit le mardi 7 septembre 2021.<\/p>\n<p>The post <a rel=\"nofollow\" href=\"http:\/\/www.mapmarrakech.ma\/fr\/elections-rencontre-de-communication-avec-les-tetes-de-listes\/\">\u00c9lections: Rencontre de communication avec les t\u00eates de listes<\/a> appeared first on <a rel=\"nofollow\" href=\"http:\/\/www.mapmarrakech.ma\/fr\">MapMarrakech<\/a>.<\/p>\n<\/div>\n<p>Auteur: Mohammed KOURSI<br \/>\n<a href=\"http:\/\/www.mapmarrakech.ma\/fr\/elections-rencontre-de-communication-avec-les-tetes-de-listes\/\">Cliquez ici pour lire l&rsquo;article depuis sa source.<\/a><\/p>\n","protected":false},"excerpt":{"rendered":"<p>Pr\u00e9sid\u00e9e par le gouverneur de la province d\u2019El Kela\u00e2 des\u00a0Sraghna, M. Hicham Smahi, en pr\u00e9sence de responsables de la province et des agents d\u2019autorit\u00e9, cette rencontre a constitu\u00e9 une occasion pour informer les mandataires de listes de candidature aux prochaines \u00e9lections sur les mesures prises durant la campagne \u00e9lectorale en prenant en compte la conjoncture [&hellip;]<\/p>\n","protected":false},"author":1788,"featured_media":0,"comment_status":"closed","ping_status":"closed","sticky":false,"template":"","format":"standard","meta":{"fifu_image_url":"http:\/\/www.mapmarrakech.ma\/map\/uploads\/2021\/08\/Elections-2-1.jpg","fifu_image_alt":"\u00c9lections: Rencontre de communication avec les t\u00eates de listes","footnotes":""},"categories":[54,76],"tags":[],"class_list":["post-125203","post","type-post","status-publish","format-standard","hentry","category-maroc","category-regions"],"_links":{"self":[{"href":"https:\/\/linitiative.ca\/International\/wp-json\/wp\/v2\/posts\/125203","targetHints":{"allow":["GET"]}}],"collection":[{"href":"https:\/\/linitiative.ca\/International\/wp-json\/wp\/v2\/posts"}],"about":[{"href":"https:\/\/linitiative.ca\/International\/wp-json\/wp\/v2\/types\/post"}],"author":[{"embeddable":true,"href":"https:\/\/linitiative.ca\/International\/wp-json\/wp\/v2\/users\/1788"}],"replies":[{"embeddable":true,"href":"https:\/\/linitiative.ca\/International\/wp-json\/wp\/v2\/comments?post=125203"}],"version-history":[{"count":0,"href":"https:\/\/linitiative.ca\/International\/wp-json\/wp\/v2\/posts\/125203\/revisions"}],"wp:attachment":[{"href":"https:\/\/linitiative.ca\/International\/wp-json\/wp\/v2\/media?parent=125203"}],"wp:term":[{"taxonomy":"category","embeddable":true,"href":"https:\/\/linitiative.ca\/International\/wp-json\/wp\/v2\/categories?post=125203"},{"taxonomy":"post_tag","embeddable":true,"href":"https:\/\/linitiative.ca\/International\/wp-json\/wp\/v2\/tags?post=125203"}],"curies":[{"name":"wp","href":"https:\/\/api.w.org\/{rel}","templated":true}]}}