{"id":125205,"date":"2021-08-26T05:20:49","date_gmt":"2021-08-26T09:20:49","guid":{"rendered":"https:\/\/linitiative.ca\/International\/elections-du-8-septembre-demarrage-de-la-campagne-electorale\/"},"modified":"2021-08-26T05:20:49","modified_gmt":"2021-08-26T09:20:49","slug":"elections-du-8-septembre-demarrage-de-la-campagne-electorale","status":"publish","type":"post","link":"https:\/\/linitiative.ca\/International\/elections-du-8-septembre-demarrage-de-la-campagne-electorale\/","title":{"rendered":"\u00c9lections du 8 septembre: d\u00e9marrage de la campagne \u00e9lectorale"},"content":{"rendered":"<div>\n<div style=\"margin-bottom:20px;\"><img loading=\"lazy\" decoding=\"async\" width=\"750\" height=\"430\" src=\"https:\/\/linitiative.ca\/International\/wp-content\/uploads\/sites\/23\/2021\/08\/Elections-1-1.jpg\" class=\"attachment-post-thumbnail size-post-thumbnail wp-post-image\" alt=\"\" srcset=\"https:\/\/linitiative.ca\/International\/wp-content\/uploads\/sites\/23\/2021\/08\/Elections-1-1.jpg 750w, http:\/\/www.mapmarrakech.ma\/map\/uploads\/2021\/08\/Elections-1-300x172.jpg 300w\" sizes=\"auto, (max-width: 750px) 100vw, 750px\"><\/div>\n<p>La\u00a0campagne, qui prendra fin mardi 07 septembre \u00e0 minuit, constitue une occasion pour les formations politiques en lice de pr\u00e9senter et de d\u00e9fendre devant les \u00e9lecteurs leurs programmes et projets \u00e9conomiques, sociaux et culturels en vue de les convaincre \u00e0 adh\u00e9rer aux approches qu\u2019elles pr\u00e9conisent pour surmonter les d\u00e9fis auxquels le pays est confront\u00e9.<\/p>\n<p>Contexte pand\u00e9mique oblige avec la propagation du Covid-19, les partis politiques seront oblig\u00e9s d\u2019ajuster leurs strat\u00e9gies de communication, de recourir aux techniques num\u00e9riques (visioconf\u00e9rences, meetings hybrides,\u2026), de limiter au minimum les rencontres conventionnelles et d\u2019observer scrupuleusement les restrictions en vigueur contre la pand\u00e9mie.<\/p>\n<p>Compte tenu de ce contexte exceptionnel et in\u00e9dit, les partis politiques sont appel\u00e9s \u00e0 \u00e9laborer une feuille de route souple et ais\u00e9ment adaptable \u00e0 la situation pand\u00e9mique, en ajustant leurs techniques de communication avec les mesures pr\u00e9conis\u00e9es par les autorit\u00e9s sanitaires et les orientations du gouvernement en mati\u00e8re de gestion de la pand\u00e9mie.<\/p>\n<p>La\u00a0campagne\u00a0\u00e9lectorale a \u00e9t\u00e9 pr\u00e9c\u00e9d\u00e9e par le d\u00e9p\u00f4t des candidatures aux \u00e9lections g\u00e9n\u00e9rales, une op\u00e9ration qui s\u2019est d\u00e9roul\u00e9e du 16 au 25 ao\u00fbt \u00e0 minuit.<\/p>\n<p>Les candidats en lice, issus de 32 partis en situation r\u00e9guli\u00e8re pour le prochain scrutin, couvrent des circonscriptions \u00e9lectorales locales et r\u00e9gionales.<\/p>\n<p>Les listes \u00e9lectorales relatives aux \u00e9lections l\u00e9gislatives 2021 pr\u00e9vues ont enregistr\u00e9 un total de 17.983.490 inscrits, selon le site officiel relatif aux listes \u00e9lectorales.<\/p>\n<p>Les statistiques arr\u00eat\u00e9es le 30 juillet 2021 font ressortir que 17.983.490 de citoyens se sont inscrits pour participer au scrutin du 08 septembre prochain, \u00e0 savoir 2.280.898 de nouveaux \u00e9lecteurs par rapport aux derni\u00e8res \u00e9ch\u00e9ances \u00e9lectorales.<\/p>\n<p>En termes de genre, 46% des \u00e9lecteurs sont des femmes et 54% sont des hommes, tandis que 46% des votants proviennent de zones rurales et 54% d\u2019espaces urbains.<\/p>\n<p>S\u2019agissant de la segmentation par \u00e2ge, 23% des \u00e9lecteurs ont 60 ans et plus, alors que 09% ont entre 55 et 59 ans et 20% entre 45 et 54 ans. Les votants \u00e2g\u00e9s de 35 \u00e0 44 ans repr\u00e9sentent 21% , contre 19% pour la tranche des 25-34 ans et 8% pour les 18-24 ans.<\/p>\n<p>S\u2019agissant du financement, la d\u00e9cision du Chef du gouvernement no 21.24.3 dat\u00e9e du 26 mai 2021 a fix\u00e9 le montant global de la contribution de l\u2019Etat au financement des\u00a0campagnes \u00e9lectorales pour l\u2019\u00e9lection des membres de la Chambre des repr\u00e9sentants \u00e0 160 millions de DH.<\/p>\n<p>La d\u00e9cision 21.25.3 publi\u00e9e \u00e0 la m\u00eame date fixe, quant \u00e0 elle, la contribution de l\u2019\u00c9tat au financement des\u00a0campagnes \u00e9lectorales pour les communales \u00e0 180 millions de DH, contre 80 millions de DH pour les r\u00e9gionales.<\/p>\n<p>En pr\u00e9vision du prochain scrutin, le Chef du gouvernement avait appel\u00e9 \u00e0 fournir des \u00ab\u00a0facilit\u00e9s\u00a0\u00bb aux cadres, aux fonctionnaires et aux et de r\u00e9unir les conditions ad\u00e9quates et \u00e9quitables permettant aux personnes souhaitant se pr\u00e9senter aux \u00e9lections de pr\u00e9parer les dossiers et de les d\u00e9poser aupr\u00e8s des autorit\u00e9s comp\u00e9tentes.<\/p>\n<p>La circulaire (N\u00b015\/2021) pr\u00e9conise d\u2019accorder des autorisations exceptionnelles de s\u2019absenter durant la\u00a0campagne\u00a0\u00e9lectorale pour les candidats, \u00e0 condition que cela ne perturbe pas le fonctionnement normal des services publics.<\/p>\n<p>Elle appelle \u00e9galement \u00e0 accorder une autorisation de s\u2019absenter le jour du scrutin aux fonctionnaires et agents qui seront d\u00e9sign\u00e9s par les t\u00eates de listes \u00e9lectorales ou par les candidats afin de les repr\u00e9senter au niveau des bureaux de vote pour observer le processus de vote, le d\u00e9pouillement des voix et l\u2019annonce des r\u00e9sultats.<\/p>\n<p>De m\u00eame, il s\u2019agit de permettre \u00e0 tous les cadres, fonctionnaires et agents travaillant dans les administrations et les \u00e9tablissements publics de s\u2019acquitter de leur devoir national en participant au vote.<\/p>\n<p>Les prochaines \u00e9lections \u00e9tant une \u00e9tape importante dans le processus d\u00e9mocratique du Royaume, il est crucial de gagner le pari, notamment \u00e0 travers une bonne gestion et une organisation efficace, pour garantir le d\u00e9roulement du scrutin dans les meilleures conditions, tout en veillant \u00e0 mettre en \u0153uvre les dispositions contenues dans les diff\u00e9rents textes juridiques r\u00e9gissant les op\u00e9rations \u00e9lectorales en vue de garantir leur cr\u00e9dibilit\u00e9 et leur int\u00e9grit\u00e9.<\/p>\n<p>The post <a rel=\"nofollow\" href=\"http:\/\/www.mapmarrakech.ma\/fr\/elections-du-8-septembre-demarrage-de-la-campagne-electorale\/\">\u00c9lections du 8 septembre: d\u00e9marrage de la campagne \u00e9lectorale<\/a> appeared first on <a rel=\"nofollow\" href=\"http:\/\/www.mapmarrakech.ma\/fr\">MapMarrakech<\/a>.<\/p>\n<\/div>\n<p>Auteur: Mohammed KOURSI<br \/>\n<a href=\"http:\/\/www.mapmarrakech.ma\/fr\/elections-du-8-septembre-demarrage-de-la-campagne-electorale\/\">Cliquez ici pour lire l&rsquo;article depuis sa source.<\/a><\/p>\n","protected":false},"excerpt":{"rendered":"<p>La\u00a0campagne, qui prendra fin mardi 07 septembre \u00e0 minuit, constitue une occasion pour les formations politiques en lice de pr\u00e9senter et de d\u00e9fendre devant les \u00e9lecteurs leurs programmes et projets \u00e9conomiques, sociaux et culturels en vue de les convaincre \u00e0 adh\u00e9rer aux approches qu\u2019elles pr\u00e9conisent pour surmonter les d\u00e9fis auxquels le pays est confront\u00e9. Contexte [&hellip;]<\/p>\n","protected":false},"author":1788,"featured_media":0,"comment_status":"closed","ping_status":"closed","sticky":false,"template":"","format":"standard","meta":{"fifu_image_url":"http:\/\/www.mapmarrakech.ma\/map\/uploads\/2021\/08\/Elections-1.jpg","fifu_image_alt":"\u00c9lections du 8 septembre: d\u00e9marrage de la campagne \u00e9lectorale","footnotes":""},"categories":[54,76],"tags":[],"class_list":["post-125205","post","type-post","status-publish","format-standard","hentry","category-maroc","category-regions"],"_links":{"self":[{"href":"https:\/\/linitiative.ca\/International\/wp-json\/wp\/v2\/posts\/125205","targetHints":{"allow":["GET"]}}],"collection":[{"href":"https:\/\/linitiative.ca\/International\/wp-json\/wp\/v2\/posts"}],"about":[{"href":"https:\/\/linitiative.ca\/International\/wp-json\/wp\/v2\/types\/post"}],"author":[{"embeddable":true,"href":"https:\/\/linitiative.ca\/International\/wp-json\/wp\/v2\/users\/1788"}],"replies":[{"embeddable":true,"href":"https:\/\/linitiative.ca\/International\/wp-json\/wp\/v2\/comments?post=125205"}],"version-history":[{"count":0,"href":"https:\/\/linitiative.ca\/International\/wp-json\/wp\/v2\/posts\/125205\/revisions"}],"wp:attachment":[{"href":"https:\/\/linitiative.ca\/International\/wp-json\/wp\/v2\/media?parent=125205"}],"wp:term":[{"taxonomy":"category","embeddable":true,"href":"https:\/\/linitiative.ca\/International\/wp-json\/wp\/v2\/categories?post=125205"},{"taxonomy":"post_tag","embeddable":true,"href":"https:\/\/linitiative.ca\/International\/wp-json\/wp\/v2\/tags?post=125205"}],"curies":[{"name":"wp","href":"https:\/\/api.w.org\/{rel}","templated":true}]}}