{"id":125209,"date":"2021-08-26T10:55:54","date_gmt":"2021-08-26T14:55:54","guid":{"rendered":"https:\/\/linitiative.ca\/International\/cndp-le-ministere-de-la-sante-adhere-au-programme-data-tika\/"},"modified":"2021-08-26T10:55:54","modified_gmt":"2021-08-26T14:55:54","slug":"cndp-le-ministere-de-la-sante-adhere-au-programme-data-tika","status":"publish","type":"post","link":"https:\/\/linitiative.ca\/International\/cndp-le-ministere-de-la-sante-adhere-au-programme-data-tika\/","title":{"rendered":"CNDP: Le minist\u00e8re de la Sant\u00e9 adh\u00e8re au programme Data-Tika"},"content":{"rendered":"<div>\n<div style=\"margin-bottom:20px;\"><img loading=\"lazy\" decoding=\"async\" width=\"750\" height=\"430\" src=\"https:\/\/linitiative.ca\/International\/wp-content\/uploads\/sites\/23\/2021\/08\/CC3A9rC3A9monie-de-signature-dune-convention-adhC3A9sion-au-programme-DATA-TIKA-750C397430-MAP.jpg\" class=\"attachment-post-thumbnail size-post-thumbnail wp-post-image\" alt=\"\" srcset=\"https:\/\/linitiative.ca\/International\/wp-content\/uploads\/sites\/23\/2021\/08\/CC3A9rC3A9monie-de-signature-dune-convention-adhC3A9sion-au-programme-DATA-TIKA-750C397430-MAP.jpg 750w, http:\/\/www.mapoujda.ma\/map\/uploads\/2021\/08\/C\u00e9r\u00e9monie-de-signature-dune-convention-adh\u00e9sion-au-programme-DATA-TIKA-750\u00d7430-MAP-300x172.jpg 300w\" sizes=\"auto, (max-width: 750px) 100vw, 750px\"><\/div>\n<p style=\"text-align: justify;\">Le minist\u00e8re de la Sant\u00e9 a adh\u00e9r\u00e9 au programme Data-Tika en vertu d\u2019une convention de partenariat sign\u00e9e, jeudi \u00e0 Rabat, avec la Commission nationale de contr\u00f4le de la protection des donn\u00e9es \u00e0 caract\u00e8re personnel (CNDP).<\/p>\n<p style=\"text-align: justify;\">Ce partenariat portera sur plusieurs volets li\u00e9s, notamment, au renforcement de la conformit\u00e9 \u00e0 la loi 09-08 relative \u00e0 la protection des personnes physiques \u00e0 l\u2019\u00e9gard du traitement des donn\u00e9es \u00e0 caract\u00e8re personnel, en plus de la consolidation de l\u2019\u00e9cosyst\u00e8me du minist\u00e8re et du domaine des recherches biom\u00e9dicales, qui constituent aujourd\u2019hui un pilier du d\u00e9veloppement de comp\u00e9tences et donnent un acc\u00e8s direct \u00e0 l\u2019innovation th\u00e9rapeutique.<\/p>\n<p style=\"text-align: justify;\">Il concerne, \u00e9galement, le renforcement des capacit\u00e9s sur des sujets ax\u00e9s autour de la t\u00e9l\u00e9m\u00e9decine, des informations g\u00e9nomiques et des m\u00e9canismes de protection de l\u2019information m\u00e9dicale, ainsi que de la simplification des processus de conformit\u00e9 avec les centres d\u2019investigations cliniques, les centres de bio\u00e9quivalence et autres sites de recherche.<\/p>\n<p style=\"text-align: justify;\">Outre l\u2019accompagnement pour la conformit\u00e9 du traitement et d\u2019usage des donn\u00e9es, cette convention permet de comprendre les besoins sur les plans proc\u00e9dural et r\u00e9glementaire du partenaire en mati\u00e8re de recherche-d\u00e9veloppement (R&amp;D) afin de renforcer ses process, mieux conna\u00eetre l\u2019usage qu\u2019il fait des donn\u00e9es \u00e0 caract\u00e8re personnel et d\u00e9terminer pr\u00e9cis\u00e9ment ses enjeux strat\u00e9giques en la mati\u00e8re, a affirm\u00e9 \u00e0 cette occasion le pr\u00e9sident de la CNDP, Omar Seghrouchni.<\/p>\n<p style=\"text-align: justify;\">Cette convention est importante d\u2019un point de vue territorial, puisque le d\u00e9partement de la Sant\u00e9 est un \u00ab\u00a0minist\u00e8re syst\u00e8me nerveux\u00a0\u00bb pr\u00e9sent sur tout le territoire, ce qui implique un travail de longue haleine pour essayer de faire porter la protection des donn\u00e9es au niveau national, a soulign\u00e9 M. Seghrouchni dans une d\u00e9claration \u00e0 la MAP.<\/p>\n<p style=\"text-align: justify;\">Elle tire, \u00e9galement, son importance de la nature \u00ab\u00a0tr\u00e8s intime\u00a0\u00bb des donn\u00e9es en question, qui m\u00e9ritent qu\u2019on leur accorde l\u2019attention la plus grande, ainsi que de la conjoncture actuelle marqu\u00e9e par la propagation de Covid-19, qui impose des traitements urgents et efficaces des donn\u00e9es, a pr\u00e9cis\u00e9 le responsable.<\/p>\n<p style=\"text-align: justify;\">\u00ab\u00a0C\u2019est un challenge que nous essayons de relever tous ensemble et c\u2019est avec la bonne intelligence ayant pr\u00e9sid\u00e9 aux collaborations avec ce minist\u00e8re que nous sommes arriv\u00e9s \u00e0 atteindre un certain nombre d\u2019objectifs\u00a0\u00bb, a-t-il estim\u00e9, ajoutant que cela implique un travail de tous les jours et un traitement r\u00e9gulier, syst\u00e9matique, quotidien et sans rel\u00e2che des probl\u00e9matiques qui se pr\u00e9sentent.<\/p>\n<p style=\"text-align: justify;\">La c\u00e9r\u00e9monie de signature de cette convention a \u00e9t\u00e9 l\u2019occasion de souligner que l\u2019aspect de donn\u00e9es de la sant\u00e9 requiert une protection et une attention particuli\u00e8res, surtout que la digitalisation constitue, depuis plusieurs ann\u00e9es et en particulier depuis la pand\u00e9mie de Covid-19, un enjeu strat\u00e9gique incontournable pour le secteur de la sant\u00e9, qui conna\u00eet des \u00e9volutions technologiques rapides et des fluctuations \u00e9conomiques, juridiques et soci\u00e9tales pouvant affecter la protection des donn\u00e9es personnelles.<\/p>\n<p style=\"text-align: justify;\">L\u2019accent a \u00e9t\u00e9, \u00e9galement, mis sur le partenariat entretenu depuis plusieurs ann\u00e9es par les diff\u00e9rents d\u00e9partements du minist\u00e8re de la Sant\u00e9 et la CNDP pour une meilleure transparence dans l\u2019utilisation des donn\u00e9es \u00e0 caract\u00e8re personnel, afin de garantir l\u2019\u00e9quilibre entre le respect de la vie priv\u00e9e des individus et le besoin d\u2019utiliser les donn\u00e9es personnelles dans les activit\u00e9s de soins et de prise en charge m\u00e9dicale et ce, dans le respect de la l\u00e9gislation en vigueur.<\/p>\n<p style=\"text-align: justify;\">Les programmes Data-Tika, qui ob\u00e9issent \u00e0 une vision collaborative et auxquels ont adh\u00e9r\u00e9 diff\u00e9rentes entreprises, \u00e9tablissements publics, associations et ONGs nationales, visent \u00e0 favoriser la confiance dans la manipulation de la data num\u00e9rique, en particulier \u00e0 caract\u00e8re personnel.<\/p>\n<p>L\u2019article <a rel=\"nofollow\" href=\"http:\/\/www.mapoujda.ma\/fr\/cndp-le-ministere-de-la-sante-adhere-au-programme-data-tika\/\">CNDP: Le minist\u00e8re de la Sant\u00e9 adh\u00e8re au programme Data-Tika<\/a> est apparu en premier sur <a rel=\"nofollow\" href=\"http:\/\/www.mapoujda.ma\/fr\">MapOujda<\/a>.<\/p>\n<\/div>\n<p>Auteur: Soufiane ELAHMAR<br \/>\n<a href=\"http:\/\/www.mapoujda.ma\/fr\/cndp-le-ministere-de-la-sante-adhere-au-programme-data-tika\/\">Cliquez ici pour lire l&rsquo;article depuis sa source.<\/a><\/p>\n","protected":false},"excerpt":{"rendered":"<p>Le minist\u00e8re de la Sant\u00e9 a adh\u00e9r\u00e9 au programme Data-Tika en vertu d\u2019une convention de partenariat sign\u00e9e, jeudi \u00e0 Rabat, avec la Commission nationale de contr\u00f4le de la protection des donn\u00e9es \u00e0 caract\u00e8re personnel (CNDP). Ce partenariat portera sur plusieurs volets li\u00e9s, notamment, au renforcement de la conformit\u00e9 \u00e0 la loi 09-08 relative \u00e0 la [&hellip;]<\/p>\n","protected":false},"author":1788,"featured_media":0,"comment_status":"closed","ping_status":"closed","sticky":false,"template":"","format":"standard","meta":{"fifu_image_url":"http:\/\/www.mapoujda.ma\/map\/uploads\/2021\/08\/C\u00e9r\u00e9monie-de-signature-dune-convention-adh\u00e9sion-au-programme-DATA-TIKA-750\u00d7430-MAP.jpg","fifu_image_alt":"CNDP: Le minist\u00e8re de la Sant\u00e9 adh\u00e8re au programme Data-Tika","footnotes":""},"categories":[54,76],"tags":[],"class_list":["post-125209","post","type-post","status-publish","format-standard","hentry","category-maroc","category-regions"],"_links":{"self":[{"href":"https:\/\/linitiative.ca\/International\/wp-json\/wp\/v2\/posts\/125209","targetHints":{"allow":["GET"]}}],"collection":[{"href":"https:\/\/linitiative.ca\/International\/wp-json\/wp\/v2\/posts"}],"about":[{"href":"https:\/\/linitiative.ca\/International\/wp-json\/wp\/v2\/types\/post"}],"author":[{"embeddable":true,"href":"https:\/\/linitiative.ca\/International\/wp-json\/wp\/v2\/users\/1788"}],"replies":[{"embeddable":true,"href":"https:\/\/linitiative.ca\/International\/wp-json\/wp\/v2\/comments?post=125209"}],"version-history":[{"count":0,"href":"https:\/\/linitiative.ca\/International\/wp-json\/wp\/v2\/posts\/125209\/revisions"}],"wp:attachment":[{"href":"https:\/\/linitiative.ca\/International\/wp-json\/wp\/v2\/media?parent=125209"}],"wp:term":[{"taxonomy":"category","embeddable":true,"href":"https:\/\/linitiative.ca\/International\/wp-json\/wp\/v2\/categories?post=125209"},{"taxonomy":"post_tag","embeddable":true,"href":"https:\/\/linitiative.ca\/International\/wp-json\/wp\/v2\/tags?post=125209"}],"curies":[{"name":"wp","href":"https:\/\/api.w.org\/{rel}","templated":true}]}}