{"id":125211,"date":"2021-08-26T09:37:50","date_gmt":"2021-08-26T13:37:50","guid":{"rendered":"https:\/\/linitiative.ca\/International\/afric-industries-ameliore-ses-ventes-au-1er-semestre\/"},"modified":"2021-08-26T09:37:50","modified_gmt":"2021-08-26T13:37:50","slug":"afric-industries-ameliore-ses-ventes-au-1er-semestre","status":"publish","type":"post","link":"https:\/\/linitiative.ca\/International\/afric-industries-ameliore-ses-ventes-au-1er-semestre\/","title":{"rendered":"Afric Industries am\u00e9liore ses ventes au 1er semestre"},"content":{"rendered":"<div>\n<div class=\"field field-name-body field-type-text-with-summary field-label-hidden\">\n<div class=\"field-items\">\n<div class=\"field-item even\" property=\"content:encoded\">\n<p class=\"rtejustify\">Afric Industries voit ses ventes augmenter de 54% pour atteindre 26,48 millions de DH au premier semestre de 2021, contre 17,16 millions DH la m\u00eame p\u00e9riode l&rsquo;an dernier, selon les indicateurs d&rsquo;activit\u00e9 de la soci\u00e9t\u00e9. Le segment papiers abrasifs retrouve progressivement la dynamique\u00a0d&rsquo;avant crise, refl\u00e9tant ainsi la reprise des march\u00e9s constat\u00e9e \u00e0 partir du 3e trimestre de l&rsquo;ann\u00e9e 2020, rel\u00e8ve la soci\u00e9t\u00e9. Celle-ci a \u00e9galement enregistr\u00e9 une\u00a0croissance significative des ventes durant le 2e trimestre de l&rsquo;ann\u00e9e 2021 par rapport \u00e0 la m\u00eame p\u00e9riode de 2020.<\/p>\n<\/div>\n<\/div>\n<\/div>\n<\/div>\n<p>Auteur: hgueye<br \/>\n<a href=\"https:\/\/www.leconomiste.com\/flash-infos\/afric-industries-ameliore-ses-ventes-au-1er-semestre\">Cliquez ici pour lire l&rsquo;article depuis sa source.<\/a><\/p>\n","protected":false},"excerpt":{"rendered":"<p>Afric Industries voit ses ventes augmenter de 54% pour atteindre 26,48 millions de DH au premier semestre de 2021, contre 17,16 millions DH la m\u00eame p\u00e9riode l&rsquo;an dernier, selon les indicateurs d&rsquo;activit\u00e9 de la soci\u00e9t\u00e9. Le segment papiers abrasifs retrouve progressivement la dynamique\u00a0d&rsquo;avant crise, refl\u00e9tant ainsi la reprise des march\u00e9s constat\u00e9e \u00e0 partir du 3e [&hellip;]<\/p>\n","protected":false},"author":1763,"featured_media":0,"comment_status":"closed","ping_status":"closed","sticky":false,"template":"","format":"standard","meta":{"fifu_image_url":"","fifu_image_alt":"","footnotes":""},"categories":[78,54],"tags":[],"class_list":["post-125211","post","type-post","status-publish","format-standard","hentry","category-economie","category-maroc"],"_links":{"self":[{"href":"https:\/\/linitiative.ca\/International\/wp-json\/wp\/v2\/posts\/125211","targetHints":{"allow":["GET"]}}],"collection":[{"href":"https:\/\/linitiative.ca\/International\/wp-json\/wp\/v2\/posts"}],"about":[{"href":"https:\/\/linitiative.ca\/International\/wp-json\/wp\/v2\/types\/post"}],"author":[{"embeddable":true,"href":"https:\/\/linitiative.ca\/International\/wp-json\/wp\/v2\/users\/1763"}],"replies":[{"embeddable":true,"href":"https:\/\/linitiative.ca\/International\/wp-json\/wp\/v2\/comments?post=125211"}],"version-history":[{"count":0,"href":"https:\/\/linitiative.ca\/International\/wp-json\/wp\/v2\/posts\/125211\/revisions"}],"wp:attachment":[{"href":"https:\/\/linitiative.ca\/International\/wp-json\/wp\/v2\/media?parent=125211"}],"wp:term":[{"taxonomy":"category","embeddable":true,"href":"https:\/\/linitiative.ca\/International\/wp-json\/wp\/v2\/categories?post=125211"},{"taxonomy":"post_tag","embeddable":true,"href":"https:\/\/linitiative.ca\/International\/wp-json\/wp\/v2\/tags?post=125211"}],"curies":[{"name":"wp","href":"https:\/\/api.w.org\/{rel}","templated":true}]}}