{"id":125212,"date":"2021-08-26T10:54:56","date_gmt":"2021-08-26T14:54:56","guid":{"rendered":"https:\/\/linitiative.ca\/International\/brussels-airlines-ira-a-marrakech\/"},"modified":"2021-08-26T10:54:56","modified_gmt":"2021-08-26T14:54:56","slug":"brussels-airlines-ira-a-marrakech","status":"publish","type":"post","link":"https:\/\/linitiative.ca\/International\/brussels-airlines-ira-a-marrakech\/","title":{"rendered":"Brussels Airlines ira \u00e0 Marrakech"},"content":{"rendered":"<div>\n<div class=\"field field-name-body field-type-text-with-summary field-label-hidden\">\n<div class=\"field-items\">\n<div class=\"field-item even\" property=\"content:encoded\">\n<p class=\"rtejustify\">Brussels Airlines \u00e9toffe son offre hivernale. La compagnie belge a annonc\u00e9, jeudi 26 ao\u00fbt, qu\u2019elle va ajouter \u00e0 son offre hivernale des destinations ensoleill\u00e9es, notamment celle de Marrakech d\u00e8s le 30 septembre prochain.<\/p>\n<\/div>\n<\/div>\n<\/div>\n<\/div>\n<p>Auteur: hgueye<br \/>\n<a href=\"https:\/\/www.leconomiste.com\/flash-infos\/brussels-airlines-ira-marrakech\">Cliquez ici pour lire l&rsquo;article depuis sa source.<\/a><\/p>\n","protected":false},"excerpt":{"rendered":"<p>Brussels Airlines \u00e9toffe son offre hivernale. La compagnie belge a annonc\u00e9, jeudi 26 ao\u00fbt, qu\u2019elle va ajouter \u00e0 son offre hivernale des destinations ensoleill\u00e9es, notamment celle de Marrakech d\u00e8s le 30 septembre prochain. Auteur: hgueye Cliquez ici pour lire l&rsquo;article depuis sa source.<\/p>\n","protected":false},"author":1763,"featured_media":0,"comment_status":"closed","ping_status":"closed","sticky":false,"template":"","format":"standard","meta":{"fifu_image_url":"","fifu_image_alt":"","footnotes":""},"categories":[78,54],"tags":[],"class_list":["post-125212","post","type-post","status-publish","format-standard","hentry","category-economie","category-maroc"],"_links":{"self":[{"href":"https:\/\/linitiative.ca\/International\/wp-json\/wp\/v2\/posts\/125212","targetHints":{"allow":["GET"]}}],"collection":[{"href":"https:\/\/linitiative.ca\/International\/wp-json\/wp\/v2\/posts"}],"about":[{"href":"https:\/\/linitiative.ca\/International\/wp-json\/wp\/v2\/types\/post"}],"author":[{"embeddable":true,"href":"https:\/\/linitiative.ca\/International\/wp-json\/wp\/v2\/users\/1763"}],"replies":[{"embeddable":true,"href":"https:\/\/linitiative.ca\/International\/wp-json\/wp\/v2\/comments?post=125212"}],"version-history":[{"count":0,"href":"https:\/\/linitiative.ca\/International\/wp-json\/wp\/v2\/posts\/125212\/revisions"}],"wp:attachment":[{"href":"https:\/\/linitiative.ca\/International\/wp-json\/wp\/v2\/media?parent=125212"}],"wp:term":[{"taxonomy":"category","embeddable":true,"href":"https:\/\/linitiative.ca\/International\/wp-json\/wp\/v2\/categories?post=125212"},{"taxonomy":"post_tag","embeddable":true,"href":"https:\/\/linitiative.ca\/International\/wp-json\/wp\/v2\/tags?post=125212"}],"curies":[{"name":"wp","href":"https:\/\/api.w.org\/{rel}","templated":true}]}}