{"id":125215,"date":"2021-08-26T12:50:08","date_gmt":"2021-08-26T16:50:08","guid":{"rendered":"https:\/\/linitiative.ca\/International\/aradei-capital-hausse-de-617-du-c-a-consolide\/"},"modified":"2021-08-26T12:50:08","modified_gmt":"2021-08-26T16:50:08","slug":"aradei-capital-hausse-de-617-du-c-a-consolide","status":"publish","type":"post","link":"https:\/\/linitiative.ca\/International\/aradei-capital-hausse-de-617-du-c-a-consolide\/","title":{"rendered":"Aradei Capital: Hausse de 61,7% du C.A. consolid\u00e9"},"content":{"rendered":"<div>\n<div class=\"field field-name-body field-type-text-with-summary field-label-hidden\">\n<div class=\"field-items\">\n<div class=\"field-item even\" property=\"content:encoded\">\n<p class=\"rtejustify\">Le chiffre d\u2019affaires consolid\u00e9 IFRS d\u2019Aradei Capital a atteint, au premier semestre, 200,4 millions de DH contre 124 millions de DH \u00e0 la m\u00eame p\u00e9riode pr\u00e9c\u00e9dente, marquant ainsi une croissance de 61,7%, selon les r\u00e9sultats d\u00e9voil\u00e9s par la fonci\u00e8re.<\/p>\n<\/div>\n<\/div>\n<\/div>\n<\/div>\n<p>Auteur: hgueye<br \/>\n<a href=\"https:\/\/www.leconomiste.com\/flash-infos\/aradei-capital-hausse-de-61-7-du-c-consolide\">Cliquez ici pour lire l&rsquo;article depuis sa source.<\/a><\/p>\n","protected":false},"excerpt":{"rendered":"<p>Le chiffre d\u2019affaires consolid\u00e9 IFRS d\u2019Aradei Capital a atteint, au premier semestre, 200,4 millions de DH contre 124 millions de DH \u00e0 la m\u00eame p\u00e9riode pr\u00e9c\u00e9dente, marquant ainsi une croissance de 61,7%, selon les r\u00e9sultats d\u00e9voil\u00e9s par la fonci\u00e8re. Auteur: hgueye Cliquez ici pour lire l&rsquo;article depuis sa source.<\/p>\n","protected":false},"author":1763,"featured_media":0,"comment_status":"closed","ping_status":"closed","sticky":false,"template":"","format":"standard","meta":{"fifu_image_url":"","fifu_image_alt":"","footnotes":""},"categories":[78,54],"tags":[],"class_list":["post-125215","post","type-post","status-publish","format-standard","hentry","category-economie","category-maroc"],"_links":{"self":[{"href":"https:\/\/linitiative.ca\/International\/wp-json\/wp\/v2\/posts\/125215","targetHints":{"allow":["GET"]}}],"collection":[{"href":"https:\/\/linitiative.ca\/International\/wp-json\/wp\/v2\/posts"}],"about":[{"href":"https:\/\/linitiative.ca\/International\/wp-json\/wp\/v2\/types\/post"}],"author":[{"embeddable":true,"href":"https:\/\/linitiative.ca\/International\/wp-json\/wp\/v2\/users\/1763"}],"replies":[{"embeddable":true,"href":"https:\/\/linitiative.ca\/International\/wp-json\/wp\/v2\/comments?post=125215"}],"version-history":[{"count":0,"href":"https:\/\/linitiative.ca\/International\/wp-json\/wp\/v2\/posts\/125215\/revisions"}],"wp:attachment":[{"href":"https:\/\/linitiative.ca\/International\/wp-json\/wp\/v2\/media?parent=125215"}],"wp:term":[{"taxonomy":"category","embeddable":true,"href":"https:\/\/linitiative.ca\/International\/wp-json\/wp\/v2\/categories?post=125215"},{"taxonomy":"post_tag","embeddable":true,"href":"https:\/\/linitiative.ca\/International\/wp-json\/wp\/v2\/tags?post=125215"}],"curies":[{"name":"wp","href":"https:\/\/api.w.org\/{rel}","templated":true}]}}