{"id":125216,"date":"2021-08-25T15:55:00","date_gmt":"2021-08-25T19:55:00","guid":{"rendered":"https:\/\/linitiative.ca\/International\/man-city-guardiola-lache-un-indice-sur-la-date-de-son-depart\/"},"modified":"2021-08-25T15:55:00","modified_gmt":"2021-08-25T19:55:00","slug":"man-city-guardiola-lache-un-indice-sur-la-date-de-son-depart","status":"publish","type":"post","link":"https:\/\/linitiative.ca\/International\/man-city-guardiola-lache-un-indice-sur-la-date-de-son-depart\/","title":{"rendered":"Man City : Guardiola l\u00e2che un indice sur la date de son d\u00e9part"},"content":{"rendered":"<div>Pep Guardiola a laiss\u00e9 entendre qu&rsquo;il pourrait quitter Manchester City \u00e0 la fin de son contrat actuel, qui expire en 2023<img loading=\"lazy\" decoding=\"async\" src=\"http:\/\/feeds.feedburner.com\/~r\/GalerieFArtciles\/~4\/NIEp_8PIkkM\" height=\"1\" width=\"1\" alt=\"\"><\/div>\n<p>Auteur:<br \/>\n<a href=\"http:\/\/www.lebuteur.com\/article\/detail?titre=man-city-guardiola-lache-un-indice-sur-la-date-de-son-depart&#038;id=100942&#038;utm_source=feedburner&#038;utm_medium=feed&#038;utm_campaign=Feed%3A+GalerieFArtciles+%28Les+derniers+articles++-+lebuteur.com%29\">Cliquez ici pour lire l&rsquo;article depuis sa source.<\/a><\/p>\n","protected":false},"excerpt":{"rendered":"<p>Pep Guardiola a laiss\u00e9 entendre qu&rsquo;il pourrait quitter Manchester City \u00e0 la fin de son contrat actuel, qui expire en 2023 Auteur: Cliquez ici pour lire l&rsquo;article depuis sa source.<\/p>\n","protected":false},"author":1738,"featured_media":0,"comment_status":"closed","ping_status":"closed","sticky":false,"template":"","format":"standard","meta":{"fifu_image_url":"http:\/\/feeds.feedburner.com\/~r\/GalerieFArtciles\/~4\/NIEp_8PIkkM","fifu_image_alt":"Man City : Guardiola l\u00e2che un indice sur la date de son d\u00e9part","footnotes":""},"categories":[53,75],"tags":[],"class_list":["post-125216","post","type-post","status-publish","format-standard","hentry","category-algerie","category-sport"],"_links":{"self":[{"href":"https:\/\/linitiative.ca\/International\/wp-json\/wp\/v2\/posts\/125216","targetHints":{"allow":["GET"]}}],"collection":[{"href":"https:\/\/linitiative.ca\/International\/wp-json\/wp\/v2\/posts"}],"about":[{"href":"https:\/\/linitiative.ca\/International\/wp-json\/wp\/v2\/types\/post"}],"author":[{"embeddable":true,"href":"https:\/\/linitiative.ca\/International\/wp-json\/wp\/v2\/users\/1738"}],"replies":[{"embeddable":true,"href":"https:\/\/linitiative.ca\/International\/wp-json\/wp\/v2\/comments?post=125216"}],"version-history":[{"count":0,"href":"https:\/\/linitiative.ca\/International\/wp-json\/wp\/v2\/posts\/125216\/revisions"}],"wp:attachment":[{"href":"https:\/\/linitiative.ca\/International\/wp-json\/wp\/v2\/media?parent=125216"}],"wp:term":[{"taxonomy":"category","embeddable":true,"href":"https:\/\/linitiative.ca\/International\/wp-json\/wp\/v2\/categories?post=125216"},{"taxonomy":"post_tag","embeddable":true,"href":"https:\/\/linitiative.ca\/International\/wp-json\/wp\/v2\/tags?post=125216"}],"curies":[{"name":"wp","href":"https:\/\/api.w.org\/{rel}","templated":true}]}}