{"id":125221,"date":"2021-08-26T06:35:42","date_gmt":"2021-08-26T10:35:42","guid":{"rendered":"https:\/\/linitiative.ca\/International\/algerie-maroc-soutien-israelien-a-son-allie-marocain\/"},"modified":"2021-08-26T06:35:42","modified_gmt":"2021-08-26T10:35:42","slug":"algerie-maroc-soutien-israelien-a-son-allie-marocain","status":"publish","type":"post","link":"https:\/\/linitiative.ca\/International\/algerie-maroc-soutien-israelien-a-son-allie-marocain\/","title":{"rendered":"Alg\u00e9rie-Maroc : Soutien isra\u00e9lien \u00e0 son alli\u00e9 marocain"},"content":{"rendered":"<div>\n<div class=\"sriret\"><img decoding=\"async\" src=\"https:\/\/linitiative.ca\/International\/wp-content\/uploads\/sites\/23\/2021\/08\/default-picture-709x366_c-60.jpg\"><\/div>\n<p class=\"p1\"><span class=\"s1\"><b>I<\/b><\/span><span class=\"s1\">sra\u00ebl a vol\u00e9 hier au secours de son alli\u00e9 marocain. Une source cit\u00e9e par l\u2019AFP a d\u00e9nonc\u00e9, hier, \u00ab<i>les accusations infond\u00e9es\u00bb<\/i> apport\u00e9s par l\u2019Alg\u00e9rie \u00e0 son encontre. \u00ab<i>Ce qui compte, ce sont les tr\u00e8s bonnes relations entre Isra\u00ebl et le Maroc\u00bb, <\/i>illustr\u00e9es<i> <\/i>par la r\u00e9cente visite de Ya\u00efr Lapid et \u00ab<i>la coop\u00e9ration entre les deux pays pour le bien de leurs citoyens et de toute la\u00a0r\u00e9gion<\/i>\u00bb, a soulign\u00e9 la source diplomatique isra\u00e9lienne, cit\u00e9e par l\u2019AFP. <\/span><\/p>\n<p class=\"p1\"><span class=\"s1\">Selon elle, <i>\u00abIsra\u00ebl et le Maroc sont une partie importante d\u2019un axe <span class=\"Apple-converted-space\">\u00a0 <\/span>pragmatique et positif dans la r\u00e9gion face \u00e0 un axe qui va en sens inverse et qui inclut l\u2019Iran et l\u2019Alg\u00e9rie\u00bb<\/i>. Plus provocatrice, la source poursuit : \u00ab<i>Nous parlons aux Marocains tout le temps. (\u2026) L\u2019Alg\u00e9rie devrait se focaliser sur l\u2019ensemble des probl\u00e8mes auxquels elle est confront\u00e9e, en particulier les probl\u00e8mes \u00e9conomiques s\u00e9rieux<\/i>\u00bb, a ajout\u00e9 cette source sous le<span class=\"Apple-converted-space\">\u00a0 <\/span>couvert de l\u2019anonymat.<\/span><\/p>\n<p>*Retrouvez l\u2019inte\u0301gralite\u0301 de nos articles sur la version papier<\/p>\n<p>L\u2019article <a rel=\"nofollow\" href=\"https:\/\/www.elwatan.com\/edition\/actualite\/algerie-maroc-soutien-israelien-a-son-allie-marocain-26-08-2021\">Alg\u00e9rie-Maroc : Soutien isra\u00e9lien \u00e0 son alli\u00e9 marocain<\/a> est apparu en premier sur <a rel=\"nofollow\" href=\"https:\/\/www.elwatan.com\/\">El Watan<\/a>.<\/p>\n<\/div>\n<p>Auteur: Hicham Chouadria<br \/>\n<a href=\"https:\/\/www.elwatan.com\/edition\/actualite\/algerie-maroc-soutien-israelien-a-son-allie-marocain-26-08-2021\">Cliquez ici pour lire l&rsquo;article depuis sa source.<\/a><\/p>\n","protected":false},"excerpt":{"rendered":"<p>Isra\u00ebl a vol\u00e9 hier au secours de son alli\u00e9 marocain. Une source cit\u00e9e par l\u2019AFP a d\u00e9nonc\u00e9, hier, \u00ables accusations infond\u00e9es\u00bb apport\u00e9s par l\u2019Alg\u00e9rie \u00e0 son encontre. \u00abCe qui compte, ce sont les tr\u00e8s bonnes relations entre Isra\u00ebl et le Maroc\u00bb, illustr\u00e9es par la r\u00e9cente visite de Ya\u00efr Lapid et \u00abla coop\u00e9ration entre les deux [&hellip;]<\/p>\n","protected":false},"author":1743,"featured_media":0,"comment_status":"closed","ping_status":"closed","sticky":false,"template":"","format":"standard","meta":{"fifu_image_url":"https:\/\/www.elwatan.com\/wp-content\/themes\/spectr\/img\/default-picture-709x366_c.jpg","fifu_image_alt":"Alg\u00e9rie-Maroc : Soutien isra\u00e9lien \u00e0 son alli\u00e9 marocain","footnotes":""},"categories":[73,53],"tags":[],"class_list":["post-125221","post","type-post","status-publish","format-standard","hentry","category-actualite","category-algerie"],"_links":{"self":[{"href":"https:\/\/linitiative.ca\/International\/wp-json\/wp\/v2\/posts\/125221","targetHints":{"allow":["GET"]}}],"collection":[{"href":"https:\/\/linitiative.ca\/International\/wp-json\/wp\/v2\/posts"}],"about":[{"href":"https:\/\/linitiative.ca\/International\/wp-json\/wp\/v2\/types\/post"}],"author":[{"embeddable":true,"href":"https:\/\/linitiative.ca\/International\/wp-json\/wp\/v2\/users\/1743"}],"replies":[{"embeddable":true,"href":"https:\/\/linitiative.ca\/International\/wp-json\/wp\/v2\/comments?post=125221"}],"version-history":[{"count":0,"href":"https:\/\/linitiative.ca\/International\/wp-json\/wp\/v2\/posts\/125221\/revisions"}],"wp:attachment":[{"href":"https:\/\/linitiative.ca\/International\/wp-json\/wp\/v2\/media?parent=125221"}],"wp:term":[{"taxonomy":"category","embeddable":true,"href":"https:\/\/linitiative.ca\/International\/wp-json\/wp\/v2\/categories?post=125221"},{"taxonomy":"post_tag","embeddable":true,"href":"https:\/\/linitiative.ca\/International\/wp-json\/wp\/v2\/tags?post=125221"}],"curies":[{"name":"wp","href":"https:\/\/api.w.org\/{rel}","templated":true}]}}