{"id":125223,"date":"2021-08-26T06:36:47","date_gmt":"2021-08-26T10:36:47","guid":{"rendered":"https:\/\/linitiative.ca\/International\/rupture-des-relations-diplomatiques-ce-que-prevoit-la-convention-de-vienne-de-1961\/"},"modified":"2021-08-26T06:36:47","modified_gmt":"2021-08-26T10:36:47","slug":"rupture-des-relations-diplomatiques-ce-que-prevoit-la-convention-de-vienne-de-1961","status":"publish","type":"post","link":"https:\/\/linitiative.ca\/International\/rupture-des-relations-diplomatiques-ce-que-prevoit-la-convention-de-vienne-de-1961\/","title":{"rendered":"Rupture des relations diplomatiques : Ce que pr\u00e9voit la convention de Vienne de 1961"},"content":{"rendered":"<div>\n<div class=\"sriret\"><img decoding=\"async\" src=\"https:\/\/linitiative.ca\/International\/wp-content\/uploads\/sites\/23\/2021\/08\/default-picture-709x366_c-61.jpg\"><\/div>\n<p class=\"p4\"><span class=\"s3\">La rupture des relations diplomatiques entre l\u2019Alg\u00e9rie et le Maroc, annonc\u00e9e mardi dernier par le ministre des Affaires \u00e9trang\u00e8res, Ramtane Lamamra, a suscit\u00e9 une interrogation. Celle-ci concerne les r\u00e9percussions de cette d\u00e9cision sur les repr\u00e9sentations diplomatiques des deux pays et sur leurs ressortissants respectifs. Cette question est trait\u00e9e par la Convention de Vienne de 1961 sur les relations diplomatiques. <\/span><\/p>\n<p class=\"p4\"><span class=\"s3\">Cette derni\u00e8re d\u00e9finit, dans son article 45, \u00abqu\u2019en cas de rupture des relations diplomatiques entre deux Etats, ou si une mission est rappel\u00e9e d\u00e9finitivement ou temporairement, trois principes \u00e0 respecter\u00bb. \u00abL\u2019Etat accr\u00e9ditaire est tenu, m\u00eame en cas de conflit arm\u00e9, de respecter et de prot\u00e9ger les locaux de la mission, ainsi que ses biens et ses archives\u00a0; l\u2019Etat accr\u00e9ditant peut confier la garde des locaux de la mission, avec les biens qui s\u2019y trouvent, ainsi que les archives, \u00e0 un Etat tiers acceptable pour l\u2019Etat accr\u00e9ditaire.\u00a0<\/span><\/p>\n<p>\u00a0<\/p>\n<p>L\u2019article <a rel=\"nofollow\" href=\"https:\/\/www.elwatan.com\/edition\/actualite\/rupture-des-relations-diplomatiques-ce-que-prevoit-la-convention-de-vienne-de-1961-26-08-2021\">Rupture des relations diplomatiques : Ce que pr\u00e9voit la convention de Vienne de 1961<\/a> est apparu en premier sur <a rel=\"nofollow\" href=\"https:\/\/www.elwatan.com\/\">El Watan<\/a>.<\/p>\n<\/div>\n<p>Auteur: Hicham Chouadria<br \/>\n<a href=\"https:\/\/www.elwatan.com\/edition\/actualite\/rupture-des-relations-diplomatiques-ce-que-prevoit-la-convention-de-vienne-de-1961-26-08-2021\">Cliquez ici pour lire l&rsquo;article depuis sa source.<\/a><\/p>\n","protected":false},"excerpt":{"rendered":"<p>La rupture des relations diplomatiques entre l\u2019Alg\u00e9rie et le Maroc, annonc\u00e9e mardi dernier par le ministre des Affaires \u00e9trang\u00e8res, Ramtane Lamamra, a suscit\u00e9 une interrogation. Celle-ci concerne les r\u00e9percussions de cette d\u00e9cision sur les repr\u00e9sentations diplomatiques des deux pays et sur leurs ressortissants respectifs. Cette question est trait\u00e9e par la Convention de Vienne de 1961 [&hellip;]<\/p>\n","protected":false},"author":1743,"featured_media":0,"comment_status":"closed","ping_status":"closed","sticky":false,"template":"","format":"standard","meta":{"fifu_image_url":"https:\/\/www.elwatan.com\/wp-content\/themes\/spectr\/img\/default-picture-709x366_c.jpg","fifu_image_alt":"Rupture des relations diplomatiques : Ce que pr\u00e9voit la convention de Vienne de 1961","footnotes":""},"categories":[73,53],"tags":[],"class_list":["post-125223","post","type-post","status-publish","format-standard","hentry","category-actualite","category-algerie"],"_links":{"self":[{"href":"https:\/\/linitiative.ca\/International\/wp-json\/wp\/v2\/posts\/125223","targetHints":{"allow":["GET"]}}],"collection":[{"href":"https:\/\/linitiative.ca\/International\/wp-json\/wp\/v2\/posts"}],"about":[{"href":"https:\/\/linitiative.ca\/International\/wp-json\/wp\/v2\/types\/post"}],"author":[{"embeddable":true,"href":"https:\/\/linitiative.ca\/International\/wp-json\/wp\/v2\/users\/1743"}],"replies":[{"embeddable":true,"href":"https:\/\/linitiative.ca\/International\/wp-json\/wp\/v2\/comments?post=125223"}],"version-history":[{"count":0,"href":"https:\/\/linitiative.ca\/International\/wp-json\/wp\/v2\/posts\/125223\/revisions"}],"wp:attachment":[{"href":"https:\/\/linitiative.ca\/International\/wp-json\/wp\/v2\/media?parent=125223"}],"wp:term":[{"taxonomy":"category","embeddable":true,"href":"https:\/\/linitiative.ca\/International\/wp-json\/wp\/v2\/categories?post=125223"},{"taxonomy":"post_tag","embeddable":true,"href":"https:\/\/linitiative.ca\/International\/wp-json\/wp\/v2\/tags?post=125223"}],"curies":[{"name":"wp","href":"https:\/\/api.w.org\/{rel}","templated":true}]}}