{"id":125225,"date":"2021-08-26T06:38:23","date_gmt":"2021-08-26T10:38:23","guid":{"rendered":"https:\/\/linitiative.ca\/International\/abdelaziz-rahabi-ancien-diplomate-le-maroc-a-tout-fait-pour-que-lalgerie-adopte-cette-mesure-extreme\/"},"modified":"2021-08-26T06:38:23","modified_gmt":"2021-08-26T10:38:23","slug":"abdelaziz-rahabi-ancien-diplomate-le-maroc-a-tout-fait-pour-que-lalgerie-adopte-cette-mesure-extreme","status":"publish","type":"post","link":"https:\/\/linitiative.ca\/International\/abdelaziz-rahabi-ancien-diplomate-le-maroc-a-tout-fait-pour-que-lalgerie-adopte-cette-mesure-extreme\/","title":{"rendered":"Abdelaziz Rahabi. Ancien diplomate : \u00abLe Maroc a tout fait pour que l\u2019Alg\u00e9rie adopte cette mesure extr\u00eame\u00bb"},"content":{"rendered":"<div>\n<div class=\"sriret\"><img loading=\"lazy\" decoding=\"async\" width=\"798\" height=\"757\" src=\"https:\/\/linitiative.ca\/International\/wp-content\/uploads\/sites\/23\/2021\/08\/RAHABI-e1607768311526.jpg\" class=\"attachment-featured_large size-featured_large wp-post-image\" alt=\"Abdelaziz Rahabi, ancien diplomate et homme politique\" style=\"margin-bottom: 15px;\" srcset=\"https:\/\/linitiative.ca\/International\/wp-content\/uploads\/sites\/23\/2021\/08\/RAHABI-e1607768311526.jpg 798w, https:\/\/www.elwatan.com\/wp-content\/uploads\/2020\/12\/RAHABI-e1607768311526-300x285.jpg 300w, https:\/\/www.elwatan.com\/wp-content\/uploads\/2020\/12\/RAHABI-e1607768311526-768x729.jpg 768w\" sizes=\"auto, (max-width: 798px) 100vw, 798px\"><\/div>\n<p class=\"p1\"><span class=\"s1\">L\u2019ancien diplomate Abdelaziz Rahabi revient ici sur la d\u00e9cision des autorit\u00e9s de rompre les relations diplomatiques avec le Maroc. Selon lui, le royaume ch\u00e9rifien <i>\u00aba tout fait pour que l\u2019Alg\u00e9rie adopte cette mesure extr\u00eame\u00bb<\/i>. Il explique aussi l\u2019attitude marocaine \u00e0 l\u2019\u00e9gard de l\u2019Alg\u00e9rie par l\u2019\u00e9chec de ses man\u0153uvres concernant le dossier du Sahara occidental.<\/span><\/p>\n<p>\u00a0<\/p>\n<p class=\"p4\"><em><strong><span class=\"s1\">-L\u2019Alg\u00e9rie vient de rompre ses relations diplomatiques avec le Maroc. Quel commentaire faites-vous sur cette d\u00e9cision\u00a0? <\/span><\/strong><\/em><\/p>\n<p class=\"p4\"><span class=\"s1\">Le Maroc a tout fait pour que l\u2019Alg\u00e9rie adopte cette mesure extr\u00eame dans l\u2019histoire des relations diplomatiques internationales. Je pense que beaucoup, y compris chez nous, ne mesurent pas la gravit\u00e9 de l\u2019action du Maroc appelant, dans une note officielle et par la voix de son repr\u00e9sentant \u00e0 l\u2019ONU, \u00e0 la s\u00e9dition en Alg\u00e9rie. Personnellement, j\u2019attendais la rupture \u00e0 ce moment-l\u00e0, parce que penser que le makhzen pouvait reconsid\u00e9rer sa position, se d\u00e9juger ou s\u2019excuser rel\u00e8ve, \u00e0 mon sens, d\u2019une lecture optimiste des intentions des promoteurs de cette attaque contre l\u2019int\u00e9grit\u00e9 de l\u2019Alg\u00e9rie. Les limites de la diplomatie, ce sont la raison et les int\u00e9r\u00eats bien compris de chacun.<\/span><\/p>\n<p class=\"p4\"><span class=\"s1\">*Retrouvez l\u2019inte\u0301gralite\u0301 de nos articles sur la version papier<\/span><\/p>\n<p>\u00a0<\/p>\n<p>L\u2019article <a rel=\"nofollow\" href=\"https:\/\/www.elwatan.com\/edition\/actualite\/abdelaziz-rahabi-ancien-diplomate-le-maroc-a-tout-fait-pour-que-lalgerie-adopte-cette-mesure-extreme-26-08-2021\">Abdelaziz Rahabi. Ancien diplomate : \u00abLe Maroc a tout fait pour que l\u2019Alg\u00e9rie adopte cette mesure extr\u00eame\u00bb<\/a> est apparu en premier sur <a rel=\"nofollow\" href=\"https:\/\/www.elwatan.com\/\">El Watan<\/a>.<\/p>\n<\/div>\n<p>Auteur: Hicham Chouadria<br \/>\n<a href=\"https:\/\/www.elwatan.com\/edition\/actualite\/abdelaziz-rahabi-ancien-diplomate-le-maroc-a-tout-fait-pour-que-lalgerie-adopte-cette-mesure-extreme-26-08-2021\">Cliquez ici pour lire l&rsquo;article depuis sa source.<\/a><\/p>\n","protected":false},"excerpt":{"rendered":"<p>L\u2019ancien diplomate Abdelaziz Rahabi revient ici sur la d\u00e9cision des autorit\u00e9s de rompre les relations diplomatiques avec le Maroc. Selon lui, le royaume ch\u00e9rifien \u00aba tout fait pour que l\u2019Alg\u00e9rie adopte cette mesure extr\u00eame\u00bb. Il explique aussi l\u2019attitude marocaine \u00e0 l\u2019\u00e9gard de l\u2019Alg\u00e9rie par l\u2019\u00e9chec de ses man\u0153uvres concernant le dossier du Sahara occidental. \u00a0 [&hellip;]<\/p>\n","protected":false},"author":1743,"featured_media":0,"comment_status":"closed","ping_status":"closed","sticky":false,"template":"","format":"standard","meta":{"fifu_image_url":"https:\/\/www.elwatan.com\/wp-content\/uploads\/2020\/12\/RAHABI-e1607768311526.jpg","fifu_image_alt":"Abdelaziz Rahabi. Ancien diplomate : \u00abLe Maroc a tout fait pour que l\u2019Alg\u00e9rie adopte cette mesure extr\u00eame\u00bb","footnotes":""},"categories":[73,53],"tags":[],"class_list":["post-125225","post","type-post","status-publish","format-standard","hentry","category-actualite","category-algerie"],"_links":{"self":[{"href":"https:\/\/linitiative.ca\/International\/wp-json\/wp\/v2\/posts\/125225","targetHints":{"allow":["GET"]}}],"collection":[{"href":"https:\/\/linitiative.ca\/International\/wp-json\/wp\/v2\/posts"}],"about":[{"href":"https:\/\/linitiative.ca\/International\/wp-json\/wp\/v2\/types\/post"}],"author":[{"embeddable":true,"href":"https:\/\/linitiative.ca\/International\/wp-json\/wp\/v2\/users\/1743"}],"replies":[{"embeddable":true,"href":"https:\/\/linitiative.ca\/International\/wp-json\/wp\/v2\/comments?post=125225"}],"version-history":[{"count":0,"href":"https:\/\/linitiative.ca\/International\/wp-json\/wp\/v2\/posts\/125225\/revisions"}],"wp:attachment":[{"href":"https:\/\/linitiative.ca\/International\/wp-json\/wp\/v2\/media?parent=125225"}],"wp:term":[{"taxonomy":"category","embeddable":true,"href":"https:\/\/linitiative.ca\/International\/wp-json\/wp\/v2\/categories?post=125225"},{"taxonomy":"post_tag","embeddable":true,"href":"https:\/\/linitiative.ca\/International\/wp-json\/wp\/v2\/tags?post=125225"}],"curies":[{"name":"wp","href":"https:\/\/api.w.org\/{rel}","templated":true}]}}