{"id":125227,"date":"2021-08-26T06:40:19","date_gmt":"2021-08-26T10:40:19","guid":{"rendered":"https:\/\/linitiative.ca\/International\/ramtane-lamamra-a-enumere-un-nombre-de-griefs-les-raisons-dune-rupture\/"},"modified":"2021-08-26T06:40:19","modified_gmt":"2021-08-26T10:40:19","slug":"ramtane-lamamra-a-enumere-un-nombre-de-griefs-les-raisons-dune-rupture","status":"publish","type":"post","link":"https:\/\/linitiative.ca\/International\/ramtane-lamamra-a-enumere-un-nombre-de-griefs-les-raisons-dune-rupture\/","title":{"rendered":"Ramtane Lamamra a \u00e9num\u00e9r\u00e9 un nombre de griefs : Les raisons d\u2019une rupture"},"content":{"rendered":"<div>\n<div class=\"sriret\"><img loading=\"lazy\" decoding=\"async\" width=\"1200\" height=\"714\" src=\"https:\/\/linitiative.ca\/International\/wp-content\/uploads\/sites\/23\/2021\/08\/maroc-1.jpg\" class=\"attachment-featured_large size-featured_large wp-post-image\" alt=\"\" style=\"margin-bottom: 15px;\" srcset=\"https:\/\/linitiative.ca\/International\/wp-content\/uploads\/sites\/23\/2021\/08\/maroc-1.jpg 1200w, https:\/\/www.elwatan.com\/wp-content\/uploads\/2020\/06\/maroc-300x179.jpg 300w, https:\/\/www.elwatan.com\/wp-content\/uploads\/2020\/06\/maroc-768x457.jpg 768w, https:\/\/www.elwatan.com\/wp-content\/uploads\/2020\/06\/maroc-1024x609.jpg 1024w\" sizes=\"auto, (max-width: 1200px) 100vw, 1200px\"><\/div>\n<p class=\"p1\"><span class=\"s1\"><b>L<\/b><\/span><span class=\"s2\">\u2019Alg\u00e9rie a rompu officiellement ses relations diplomatiques avec le Maroc le 24 ao\u00fbt 2021. La situation entre les deux pays \u00e9tait tendue depuis un moment d\u00e9j\u00e0. Tout indiquait en effet que les choses allaient se compliquer. A la mi-juillet, Alger avait d\u2019ailleurs rappel\u00e9 son ambassadeur \u00e0 Rabat. La rupture des relations \u00e9tait donc l\u2019une des cons\u00e9quences, la plus extr\u00eame peut-\u00eatre, d\u2019un contexte marqu\u00e9 par la multiplication d\u2019actes jug\u00e9s <i>\u00abhostiles\u00bb<\/i> de la part des autorit\u00e9s marocaines \u00e0 l\u2019\u00e9gard de l\u2019Alg\u00e9rie. <\/span><\/p>\n<p class=\"p2\"><span class=\"s2\">Lors de la conf\u00e9rence qu\u2019il a tenue<span class=\"Apple-converted-space\">\u00a0 <\/span>mardi dernier, et durant laquelle il avait annonc\u00e9 cette d\u00e9cision, le ministre des Affaires \u00e9trang\u00e8res et de la Communaut\u00e9 nationale \u00e0 l\u2019\u00e9tranger, Ramtane Lamamra, a \u00e9num\u00e9r\u00e9 les raisons ayant conduit \u00e0 cette situation.<\/span><\/p>\n<p>*Retrouvez l\u2019inte\u0301gralite\u0301 de nos articles sur la version papier<\/p>\n<p>L\u2019article <a rel=\"nofollow\" href=\"https:\/\/www.elwatan.com\/a-la-une\/ramtane-lamamra-a-enumere-un-nombre-de-griefs-les-raisons-dune-rupture-26-08-2021\">Ramtane Lamamra a \u00e9num\u00e9r\u00e9 un nombre de griefs : Les raisons d\u2019une rupture<\/a> est apparu en premier sur <a rel=\"nofollow\" href=\"https:\/\/www.elwatan.com\/\">El Watan<\/a>.<\/p>\n<\/div>\n<p>Auteur: Hicham Chouadria<br \/>\n<a href=\"https:\/\/www.elwatan.com\/a-la-une\/ramtane-lamamra-a-enumere-un-nombre-de-griefs-les-raisons-dune-rupture-26-08-2021\">Cliquez ici pour lire l&rsquo;article depuis sa source.<\/a><\/p>\n","protected":false},"excerpt":{"rendered":"<p>L\u2019Alg\u00e9rie a rompu officiellement ses relations diplomatiques avec le Maroc le 24 ao\u00fbt 2021. La situation entre les deux pays \u00e9tait tendue depuis un moment d\u00e9j\u00e0. Tout indiquait en effet que les choses allaient se compliquer. A la mi-juillet, Alger avait d\u2019ailleurs rappel\u00e9 son ambassadeur \u00e0 Rabat. La rupture des relations \u00e9tait donc l\u2019une des [&hellip;]<\/p>\n","protected":false},"author":1743,"featured_media":0,"comment_status":"closed","ping_status":"closed","sticky":false,"template":"","format":"standard","meta":{"fifu_image_url":"https:\/\/www.elwatan.com\/wp-content\/uploads\/2020\/06\/maroc.jpg","fifu_image_alt":"Ramtane Lamamra a \u00e9num\u00e9r\u00e9 un nombre de griefs : Les raisons d\u2019une rupture","footnotes":""},"categories":[73,53],"tags":[],"class_list":["post-125227","post","type-post","status-publish","format-standard","hentry","category-actualite","category-algerie"],"_links":{"self":[{"href":"https:\/\/linitiative.ca\/International\/wp-json\/wp\/v2\/posts\/125227","targetHints":{"allow":["GET"]}}],"collection":[{"href":"https:\/\/linitiative.ca\/International\/wp-json\/wp\/v2\/posts"}],"about":[{"href":"https:\/\/linitiative.ca\/International\/wp-json\/wp\/v2\/types\/post"}],"author":[{"embeddable":true,"href":"https:\/\/linitiative.ca\/International\/wp-json\/wp\/v2\/users\/1743"}],"replies":[{"embeddable":true,"href":"https:\/\/linitiative.ca\/International\/wp-json\/wp\/v2\/comments?post=125227"}],"version-history":[{"count":0,"href":"https:\/\/linitiative.ca\/International\/wp-json\/wp\/v2\/posts\/125227\/revisions"}],"wp:attachment":[{"href":"https:\/\/linitiative.ca\/International\/wp-json\/wp\/v2\/media?parent=125227"}],"wp:term":[{"taxonomy":"category","embeddable":true,"href":"https:\/\/linitiative.ca\/International\/wp-json\/wp\/v2\/categories?post=125227"},{"taxonomy":"post_tag","embeddable":true,"href":"https:\/\/linitiative.ca\/International\/wp-json\/wp\/v2\/tags?post=125227"}],"curies":[{"name":"wp","href":"https:\/\/api.w.org\/{rel}","templated":true}]}}