{"id":125229,"date":"2021-08-26T15:44:04","date_gmt":"2021-08-26T19:44:04","guid":{"rendered":"https:\/\/linitiative.ca\/International\/gaz-lensemble-des-approvisionnements-de-lespagne-sera-assure-a-travers-le-medgaz\/"},"modified":"2021-08-26T15:44:04","modified_gmt":"2021-08-26T19:44:04","slug":"gaz-lensemble-des-approvisionnements-de-lespagne-sera-assure-a-travers-le-medgaz","status":"publish","type":"post","link":"https:\/\/linitiative.ca\/International\/gaz-lensemble-des-approvisionnements-de-lespagne-sera-assure-a-travers-le-medgaz\/","title":{"rendered":"Gaz : L\u2019ensemble des approvisionnements de l\u2019Espagne sera assur\u00e9 \u00e0 travers le Medgaz"},"content":{"rendered":"<div>\n<div class=\"sriret\"><img decoding=\"async\" src=\"https:\/\/linitiative.ca\/International\/wp-content\/uploads\/sites\/23\/2021\/08\/default-picture-709x366_c-62.jpg\"><\/div>\n<p>L\u2019ensemble des approvisionnements de l\u2019Espagne en gaz naturel alg\u00e9rien sera assur\u00e9 \u00e0 travers le gazoduc Medgaz, a assur\u00e9 jeudi 26 ao\u00fbt \u00e0 Alger le ministre de l\u2019Energie et des Mines, Mohamed Arkab, mettant en exergue le r\u00e9cent projet d\u2019extension de la capacit\u00e9 du ce gazoduc reliant directement les deux pays.<\/p>\n<p>Arkab, qui recevait, au si\u00e8ge de son d\u00e9partement minist\u00e9riel, l\u2019ambassadeur d\u2019Espagne en Alg\u00e9rie, Fernando Moran, a affirm\u00e9 \u00ab\u00a0l\u2019engagement total de l\u2019Alg\u00e9rie de couvrir l\u2019ensemble des approvisionnements de l\u2019Espagne en gaz naturel \u00e0 travers le Medgaz\u00a0\u00bb, selon un communiqu\u00e9 du minist\u00e8re.<br \/>\nCe qui voudrait dire que l\u2019Alg\u00e9rie ne compte vraisemblablement plus reconduire le contrat du gazoduc Maghreb Europe qui expirera fin octobre. Celui-ci relie l\u2019Alg\u00e9rie \u00e0 l\u2019Espagne via le Maroc.<\/p>\n<p>L\u2019article <a rel=\"nofollow\" href=\"https:\/\/www.elwatan.com\/edition\/actualite\/gaz-lensemble-des-approvisionnements-de-lespagne-sera-assure-a-travers-le-medgaz-26-08-2021\">Gaz : L\u2019ensemble des approvisionnements de l\u2019Espagne sera assur\u00e9 \u00e0 travers le Medgaz<\/a> est apparu en premier sur <a rel=\"nofollow\" href=\"https:\/\/www.elwatan.com\/\">El Watan<\/a>.<\/p>\n<\/div>\n<p>Auteur: Abdelghani Aichoun<br \/>\n<a href=\"https:\/\/www.elwatan.com\/edition\/actualite\/gaz-lensemble-des-approvisionnements-de-lespagne-sera-assure-a-travers-le-medgaz-26-08-2021\">Cliquez ici pour lire l&rsquo;article depuis sa source.<\/a><\/p>\n","protected":false},"excerpt":{"rendered":"<p>L\u2019ensemble des approvisionnements de l\u2019Espagne en gaz naturel alg\u00e9rien sera assur\u00e9 \u00e0 travers le gazoduc Medgaz, a assur\u00e9 jeudi 26 ao\u00fbt \u00e0 Alger le ministre de l\u2019Energie et des Mines, Mohamed Arkab, mettant en exergue le r\u00e9cent projet d\u2019extension de la capacit\u00e9 du ce gazoduc reliant directement les deux pays. Arkab, qui recevait, au si\u00e8ge [&hellip;]<\/p>\n","protected":false},"author":1743,"featured_media":0,"comment_status":"closed","ping_status":"closed","sticky":false,"template":"","format":"standard","meta":{"fifu_image_url":"https:\/\/www.elwatan.com\/wp-content\/themes\/spectr\/img\/default-picture-709x366_c.jpg","fifu_image_alt":"Gaz : L\u2019ensemble des approvisionnements de l\u2019Espagne sera assur\u00e9 \u00e0 travers le Medgaz","footnotes":""},"categories":[73,53],"tags":[],"class_list":["post-125229","post","type-post","status-publish","format-standard","hentry","category-actualite","category-algerie"],"_links":{"self":[{"href":"https:\/\/linitiative.ca\/International\/wp-json\/wp\/v2\/posts\/125229","targetHints":{"allow":["GET"]}}],"collection":[{"href":"https:\/\/linitiative.ca\/International\/wp-json\/wp\/v2\/posts"}],"about":[{"href":"https:\/\/linitiative.ca\/International\/wp-json\/wp\/v2\/types\/post"}],"author":[{"embeddable":true,"href":"https:\/\/linitiative.ca\/International\/wp-json\/wp\/v2\/users\/1743"}],"replies":[{"embeddable":true,"href":"https:\/\/linitiative.ca\/International\/wp-json\/wp\/v2\/comments?post=125229"}],"version-history":[{"count":0,"href":"https:\/\/linitiative.ca\/International\/wp-json\/wp\/v2\/posts\/125229\/revisions"}],"wp:attachment":[{"href":"https:\/\/linitiative.ca\/International\/wp-json\/wp\/v2\/media?parent=125229"}],"wp:term":[{"taxonomy":"category","embeddable":true,"href":"https:\/\/linitiative.ca\/International\/wp-json\/wp\/v2\/categories?post=125229"},{"taxonomy":"post_tag","embeddable":true,"href":"https:\/\/linitiative.ca\/International\/wp-json\/wp\/v2\/tags?post=125229"}],"curies":[{"name":"wp","href":"https:\/\/api.w.org\/{rel}","templated":true}]}}