{"id":125238,"date":"2021-08-26T08:46:41","date_gmt":"2021-08-26T12:46:41","guid":{"rendered":"https:\/\/linitiative.ca\/International\/maroc-la-nouvelle-opel-rocks-e-sera-produite-a-kenitra\/"},"modified":"2021-08-26T08:46:41","modified_gmt":"2021-08-26T12:46:41","slug":"maroc-la-nouvelle-opel-rocks-e-sera-produite-a-kenitra","status":"publish","type":"post","link":"https:\/\/linitiative.ca\/International\/maroc-la-nouvelle-opel-rocks-e-sera-produite-a-kenitra\/","title":{"rendered":"Maroc. La nouvelle Opel Rocks-e sera produite \u00e0 K\u00e9nitra"},"content":{"rendered":"<div><img decoding=\"async\" width=\"600\" height=\"348\" src=\"https:\/\/linitiative.ca\/International\/wp-content\/uploads\/sites\/23\/2021\/08\/01-Opel-Rocks-e-516666-600-x-348.jpg\" class=\"attachment-post-thumbnail size-post-thumbnail wp-post-image\" alt=\"\" loading=\"lazy\" srcset=\"https:\/\/linitiative.ca\/International\/wp-content\/uploads\/sites\/23\/2021\/08\/01-Opel-Rocks-e-516666-600-x-348.jpg 600w, https:\/\/www.challenge.ma\/wp-content\/uploads\/2021\/08\/01-Opel-Rocks-e-516666-600-x-348-300x174.jpg 300w, https:\/\/www.challenge.ma\/wp-content\/uploads\/2021\/08\/01-Opel-Rocks-e-516666-600-x-348-360x209.jpg 360w\" sizes=\"auto, (max-width: 600px) 100vw, 600px\" itemprop=\"image\">Marque automobile du groupe Stellantis, Opel vient fra\u00eechement de d\u00e9voiler son nouveau mod\u00e8le Rocks-e \u00e0 l\u2019international, un engin \u00e9lectrique con\u00e7u en collaboration avec l\u2019Africa Technical Center, le centre de recherche et de d\u00e9veloppement du Groupe situ\u00e9 \u00e0 Casablanca. Bien qu\u2019il s\u2019agisse en r\u00e9alit\u00e9 d\u2019une Citro\u00ebn Ami rebadg\u00e9e, cette nouveaut\u00e9 constitue<\/div>\n<p>Auteur: David J\u00e9r\u00e9mie<br \/>\n<a href=\"https:\/\/www.challenge.ma\/maroc-la-nouvelle-opel-rocks-e-sera-produite-a-kenitra-196586\/\">Cliquez ici pour lire l&rsquo;article depuis sa source.<\/a><\/p>\n","protected":false},"excerpt":{"rendered":"<p>Marque automobile du groupe Stellantis, Opel vient fra\u00eechement de d\u00e9voiler son nouveau mod\u00e8le Rocks-e \u00e0 l\u2019international, un engin \u00e9lectrique con\u00e7u en collaboration avec l\u2019Africa Technical Center, le centre de recherche et de d\u00e9veloppement du Groupe situ\u00e9 \u00e0 Casablanca. Bien qu\u2019il s\u2019agisse en r\u00e9alit\u00e9 d\u2019une Citro\u00ebn Ami rebadg\u00e9e, cette nouveaut\u00e9 constitue Auteur: David J\u00e9r\u00e9mie Cliquez ici [&hellip;]<\/p>\n","protected":false},"author":1787,"featured_media":0,"comment_status":"closed","ping_status":"closed","sticky":false,"template":"","format":"standard","meta":{"fifu_image_url":"https:\/\/www.challenge.ma\/wp-content\/uploads\/2021\/08\/01-Opel-Rocks-e-516666-600-x-348.jpg","fifu_image_alt":"Maroc. La nouvelle Opel Rocks-e sera produite \u00e0 K\u00e9nitra","footnotes":""},"categories":[78,54],"tags":[],"class_list":["post-125238","post","type-post","status-publish","format-standard","hentry","category-economie","category-maroc"],"_links":{"self":[{"href":"https:\/\/linitiative.ca\/International\/wp-json\/wp\/v2\/posts\/125238","targetHints":{"allow":["GET"]}}],"collection":[{"href":"https:\/\/linitiative.ca\/International\/wp-json\/wp\/v2\/posts"}],"about":[{"href":"https:\/\/linitiative.ca\/International\/wp-json\/wp\/v2\/types\/post"}],"author":[{"embeddable":true,"href":"https:\/\/linitiative.ca\/International\/wp-json\/wp\/v2\/users\/1787"}],"replies":[{"embeddable":true,"href":"https:\/\/linitiative.ca\/International\/wp-json\/wp\/v2\/comments?post=125238"}],"version-history":[{"count":0,"href":"https:\/\/linitiative.ca\/International\/wp-json\/wp\/v2\/posts\/125238\/revisions"}],"wp:attachment":[{"href":"https:\/\/linitiative.ca\/International\/wp-json\/wp\/v2\/media?parent=125238"}],"wp:term":[{"taxonomy":"category","embeddable":true,"href":"https:\/\/linitiative.ca\/International\/wp-json\/wp\/v2\/categories?post=125238"},{"taxonomy":"post_tag","embeddable":true,"href":"https:\/\/linitiative.ca\/International\/wp-json\/wp\/v2\/tags?post=125238"}],"curies":[{"name":"wp","href":"https:\/\/api.w.org\/{rel}","templated":true}]}}