{"id":125240,"date":"2021-08-26T10:21:02","date_gmt":"2021-08-26T14:21:02","guid":{"rendered":"https:\/\/linitiative.ca\/International\/afrique-chine-une-cooperation-numerique-strategique\/"},"modified":"2021-08-26T10:21:02","modified_gmt":"2021-08-26T14:21:02","slug":"afrique-chine-une-cooperation-numerique-strategique","status":"publish","type":"post","link":"https:\/\/linitiative.ca\/International\/afrique-chine-une-cooperation-numerique-strategique\/","title":{"rendered":"Afrique-Chine : une coop\u00e9ration num\u00e9rique strat\u00e9gique"},"content":{"rendered":"<div><img decoding=\"async\" width=\"500\" height=\"372\" src=\"https:\/\/linitiative.ca\/International\/wp-content\/uploads\/sites\/23\/2021\/08\/Deng-Li-ministre-chinois-des-Affaires-etrangeres.jpg\" class=\"attachment-post-thumbnail size-post-thumbnail wp-post-image\" alt=\"\" loading=\"lazy\" srcset=\"https:\/\/linitiative.ca\/International\/wp-content\/uploads\/sites\/23\/2021\/08\/Deng-Li-ministre-chinois-des-Affaires-etrangeres.jpg 500w, https:\/\/www.challenge.ma\/wp-content\/uploads\/2021\/08\/Deng-Li-ministre-chinois-des-Affaires-etrangeres-300x223.jpg 300w, https:\/\/www.challenge.ma\/wp-content\/uploads\/2021\/08\/Deng-Li-ministre-chinois-des-Affaires-etrangeres-360x268.jpg 360w\" sizes=\"auto, (max-width: 500px) 100vw, 500px\" itemprop=\"image\">Depuis plus d\u2019un an et demi, l\u2019\u00ab\u00a0ordre international\u00a0\u00bb a \u00e9t\u00e9 mis \u00e0 nu, gr\u00e2ce \u00e0 la crise sanitaire mondiale qui a r\u00e9v\u00e9l\u00e9 que l\u2019\u00e9conomie n\u2019est pas toujours au service du bien \u00eatre humain. Cette pand\u00e9mie a surtout r\u00e9v\u00e9l\u00e9 des in\u00e9galit\u00e9s, localement et globalement, m\u00eame dans des domaines fondamentalement humains tels<\/div>\n<p>Auteur: Mohamed Amine<br \/>\n<a href=\"https:\/\/www.challenge.ma\/afrique-chine-une-cooperation-numerique-strategique-196597\/\">Cliquez ici pour lire l&rsquo;article depuis sa source.<\/a><\/p>\n","protected":false},"excerpt":{"rendered":"<p>Depuis plus d\u2019un an et demi, l\u2019\u00ab\u00a0ordre international\u00a0\u00bb a \u00e9t\u00e9 mis \u00e0 nu, gr\u00e2ce \u00e0 la crise sanitaire mondiale qui a r\u00e9v\u00e9l\u00e9 que l\u2019\u00e9conomie n\u2019est pas toujours au service du bien \u00eatre humain. Cette pand\u00e9mie a surtout r\u00e9v\u00e9l\u00e9 des in\u00e9galit\u00e9s, localement et globalement, m\u00eame dans des domaines fondamentalement humains tels Auteur: Mohamed Amine Cliquez ici [&hellip;]<\/p>\n","protected":false},"author":1787,"featured_media":0,"comment_status":"closed","ping_status":"closed","sticky":false,"template":"","format":"standard","meta":{"fifu_image_url":"https:\/\/www.challenge.ma\/wp-content\/uploads\/2021\/08\/Deng-Li-ministre-chinois-des-Affaires-etrangeres.jpg","fifu_image_alt":"Afrique-Chine : une coop\u00e9ration num\u00e9rique strat\u00e9gique","footnotes":""},"categories":[78,54],"tags":[],"class_list":["post-125240","post","type-post","status-publish","format-standard","hentry","category-economie","category-maroc"],"_links":{"self":[{"href":"https:\/\/linitiative.ca\/International\/wp-json\/wp\/v2\/posts\/125240","targetHints":{"allow":["GET"]}}],"collection":[{"href":"https:\/\/linitiative.ca\/International\/wp-json\/wp\/v2\/posts"}],"about":[{"href":"https:\/\/linitiative.ca\/International\/wp-json\/wp\/v2\/types\/post"}],"author":[{"embeddable":true,"href":"https:\/\/linitiative.ca\/International\/wp-json\/wp\/v2\/users\/1787"}],"replies":[{"embeddable":true,"href":"https:\/\/linitiative.ca\/International\/wp-json\/wp\/v2\/comments?post=125240"}],"version-history":[{"count":0,"href":"https:\/\/linitiative.ca\/International\/wp-json\/wp\/v2\/posts\/125240\/revisions"}],"wp:attachment":[{"href":"https:\/\/linitiative.ca\/International\/wp-json\/wp\/v2\/media?parent=125240"}],"wp:term":[{"taxonomy":"category","embeddable":true,"href":"https:\/\/linitiative.ca\/International\/wp-json\/wp\/v2\/categories?post=125240"},{"taxonomy":"post_tag","embeddable":true,"href":"https:\/\/linitiative.ca\/International\/wp-json\/wp\/v2\/tags?post=125240"}],"curies":[{"name":"wp","href":"https:\/\/api.w.org\/{rel}","templated":true}]}}