{"id":125242,"date":"2021-08-26T11:00:24","date_gmt":"2021-08-26T15:00:24","guid":{"rendered":"https:\/\/linitiative.ca\/International\/maroc-toujours-pas-de-date-pour-la-rentree-scolaire-des-ecoles-francaises\/"},"modified":"2021-08-26T11:00:24","modified_gmt":"2021-08-26T15:00:24","slug":"maroc-toujours-pas-de-date-pour-la-rentree-scolaire-des-ecoles-francaises","status":"publish","type":"post","link":"https:\/\/linitiative.ca\/International\/maroc-toujours-pas-de-date-pour-la-rentree-scolaire-des-ecoles-francaises\/","title":{"rendered":"Maroc. Toujours pas de date pour la rentr\u00e9e scolaire des \u00e9coles fran\u00e7aises"},"content":{"rendered":"<div><img decoding=\"async\" width=\"600\" height=\"400\" src=\"https:\/\/linitiative.ca\/International\/wp-content\/uploads\/sites\/23\/2021\/08\/ecole-francaise.jpg\" class=\"attachment-post-thumbnail size-post-thumbnail wp-post-image\" alt=\"\" loading=\"lazy\" srcset=\"https:\/\/linitiative.ca\/International\/wp-content\/uploads\/sites\/23\/2021\/08\/ecole-francaise.jpg 600w, https:\/\/www.challenge.ma\/wp-content\/uploads\/2021\/08\/ecole-francaise-300x200.jpg 300w, https:\/\/www.challenge.ma\/wp-content\/uploads\/2021\/08\/ecole-francaise-360x240.jpg 360w\" sizes=\"auto, (max-width: 600px) 100vw, 600px\" itemprop=\"image\">Alors que la rentr\u00e9e scolaire au Maroc aura lieu de mani\u00e8re effective le vendredi 10 septembre 2021 au lieu du vendredi 03 septembre, rien n\u2019a encore \u00e9t\u00e9 d\u00e9cid\u00e9 concernant les \u00e9coles relevant de l\u2019Agence de l\u2019Enseignement du Fran\u00e7ais \u00e0 l\u2019\u00c9tranger (AEFE). Les \u00e9coles ont r\u00e9agi suite aux questionnements des parents.<\/div>\n<p>Auteur: challenge<br \/>\n<a href=\"https:\/\/www.challenge.ma\/maroc-toujours-pas-de-date-pour-la-rentree-scolaire-des-ecoles-francaises-196601\/\">Cliquez ici pour lire l&rsquo;article depuis sa source.<\/a><\/p>\n","protected":false},"excerpt":{"rendered":"<p>Alors que la rentr\u00e9e scolaire au Maroc aura lieu de mani\u00e8re effective le vendredi 10 septembre 2021 au lieu du vendredi 03 septembre, rien n\u2019a encore \u00e9t\u00e9 d\u00e9cid\u00e9 concernant les \u00e9coles relevant de l\u2019Agence de l\u2019Enseignement du Fran\u00e7ais \u00e0 l\u2019\u00c9tranger (AEFE). Les \u00e9coles ont r\u00e9agi suite aux questionnements des parents. Auteur: challenge Cliquez ici pour [&hellip;]<\/p>\n","protected":false},"author":1787,"featured_media":0,"comment_status":"closed","ping_status":"closed","sticky":false,"template":"","format":"standard","meta":{"fifu_image_url":"https:\/\/www.challenge.ma\/wp-content\/uploads\/2021\/08\/ecole-francaise.jpg","fifu_image_alt":"Maroc. Toujours pas de date pour la rentr\u00e9e scolaire des \u00e9coles fran\u00e7aises","footnotes":""},"categories":[78,54],"tags":[],"class_list":["post-125242","post","type-post","status-publish","format-standard","hentry","category-economie","category-maroc"],"_links":{"self":[{"href":"https:\/\/linitiative.ca\/International\/wp-json\/wp\/v2\/posts\/125242","targetHints":{"allow":["GET"]}}],"collection":[{"href":"https:\/\/linitiative.ca\/International\/wp-json\/wp\/v2\/posts"}],"about":[{"href":"https:\/\/linitiative.ca\/International\/wp-json\/wp\/v2\/types\/post"}],"author":[{"embeddable":true,"href":"https:\/\/linitiative.ca\/International\/wp-json\/wp\/v2\/users\/1787"}],"replies":[{"embeddable":true,"href":"https:\/\/linitiative.ca\/International\/wp-json\/wp\/v2\/comments?post=125242"}],"version-history":[{"count":0,"href":"https:\/\/linitiative.ca\/International\/wp-json\/wp\/v2\/posts\/125242\/revisions"}],"wp:attachment":[{"href":"https:\/\/linitiative.ca\/International\/wp-json\/wp\/v2\/media?parent=125242"}],"wp:term":[{"taxonomy":"category","embeddable":true,"href":"https:\/\/linitiative.ca\/International\/wp-json\/wp\/v2\/categories?post=125242"},{"taxonomy":"post_tag","embeddable":true,"href":"https:\/\/linitiative.ca\/International\/wp-json\/wp\/v2\/tags?post=125242"}],"curies":[{"name":"wp","href":"https:\/\/api.w.org\/{rel}","templated":true}]}}