{"id":125250,"date":"2021-08-26T16:49:06","date_gmt":"2021-08-26T20:49:06","guid":{"rendered":"https:\/\/linitiative.ca\/International\/tunisie-le-ministre-de-leducation-se-permet-desormais-tout-y-compris-de-contrer-les-directives-de-saied\/"},"modified":"2021-08-26T16:49:06","modified_gmt":"2021-08-26T20:49:06","slug":"tunisie-le-ministre-de-leducation-se-permet-desormais-tout-y-compris-de-contrer-les-directives-de-saied","status":"publish","type":"post","link":"https:\/\/linitiative.ca\/International\/tunisie-le-ministre-de-leducation-se-permet-desormais-tout-y-compris-de-contrer-les-directives-de-saied\/","title":{"rendered":"Tunisie \u2013 Le ministre de l\u2019\u00e9ducation se permet, d\u00e9sormais, tout, y compris de contrer les directives de Sa\u00efed"},"content":{"rendered":"<div>\n<p>Quelques jours, \u00e0 peine, apr\u00e8s son entretien avec le pr\u00e9sident Ka\u00efs Sa\u00efed, au cours du quel il n\u2019a pas tari d\u2019\u00e9loges \u00e0 son encontre, le ministre de l\u2019\u00e9ducation, Fathi Sellaouti, semble s\u2019\u00eatre m\u00e9tamorphos\u00e9, et s\u2019\u00eatre octroy\u00e9 une nouvelle dimension. Probablement ragaillardi par le soutien de l\u2019homme fort du moment, Fathi Sellaouti semble avoir mang\u00e9 du [\u2026]<\/p>\n<p>L\u2019article <a href=\"https:\/\/www.tunisienumerique.com\/tunisie-le-ministre-de-leducation-se-permet-desormais-tout-y-compris-de-contrer-les-directives-de-saied\/\">Tunisie \u2013 Le ministre de l\u2019\u00e9ducation se permet, d\u00e9sormais, tout, y compris de contrer les directives de Sa\u00efed<\/a> est apparu en premier sur <a href=\"https:\/\/www.tunisienumerique.com\/\">Tunisie<\/a>.<\/p>\n<\/div>\n<p>Auteur: Saber .<br \/>\n<a href=\"https:\/\/www.tunisienumerique.com\/tunisie-le-ministre-de-leducation-se-permet-desormais-tout-y-compris-de-contrer-les-directives-de-saied\/\">Cliquez ici pour lire l&rsquo;article depuis sa source.<\/a><\/p>\n","protected":false},"excerpt":{"rendered":"<p>Quelques jours, \u00e0 peine, apr\u00e8s son entretien avec le pr\u00e9sident Ka\u00efs Sa\u00efed, au cours du quel il n\u2019a pas tari d\u2019\u00e9loges \u00e0 son encontre, le ministre de l\u2019\u00e9ducation, Fathi Sellaouti, semble s\u2019\u00eatre m\u00e9tamorphos\u00e9, et s\u2019\u00eatre octroy\u00e9 une nouvelle dimension. Probablement ragaillardi par le soutien de l\u2019homme fort du moment, Fathi Sellaouti semble avoir mang\u00e9 du [&hellip;]<\/p>\n","protected":false},"author":1789,"featured_media":0,"comment_status":"closed","ping_status":"closed","sticky":false,"template":"","format":"standard","meta":{"fifu_image_url":"","fifu_image_alt":"","footnotes":""},"categories":[73,55],"tags":[],"class_list":["post-125250","post","type-post","status-publish","format-standard","hentry","category-actualite","category-tunisie"],"_links":{"self":[{"href":"https:\/\/linitiative.ca\/International\/wp-json\/wp\/v2\/posts\/125250","targetHints":{"allow":["GET"]}}],"collection":[{"href":"https:\/\/linitiative.ca\/International\/wp-json\/wp\/v2\/posts"}],"about":[{"href":"https:\/\/linitiative.ca\/International\/wp-json\/wp\/v2\/types\/post"}],"author":[{"embeddable":true,"href":"https:\/\/linitiative.ca\/International\/wp-json\/wp\/v2\/users\/1789"}],"replies":[{"embeddable":true,"href":"https:\/\/linitiative.ca\/International\/wp-json\/wp\/v2\/comments?post=125250"}],"version-history":[{"count":0,"href":"https:\/\/linitiative.ca\/International\/wp-json\/wp\/v2\/posts\/125250\/revisions"}],"wp:attachment":[{"href":"https:\/\/linitiative.ca\/International\/wp-json\/wp\/v2\/media?parent=125250"}],"wp:term":[{"taxonomy":"category","embeddable":true,"href":"https:\/\/linitiative.ca\/International\/wp-json\/wp\/v2\/categories?post=125250"},{"taxonomy":"post_tag","embeddable":true,"href":"https:\/\/linitiative.ca\/International\/wp-json\/wp\/v2\/tags?post=125250"}],"curies":[{"name":"wp","href":"https:\/\/api.w.org\/{rel}","templated":true}]}}