{"id":125251,"date":"2021-08-26T17:03:29","date_gmt":"2021-08-26T21:03:29","guid":{"rendered":"https:\/\/linitiative.ca\/International\/daech-revendique-les-attentats-de-kaboul\/"},"modified":"2021-08-26T17:03:29","modified_gmt":"2021-08-26T21:03:29","slug":"daech-revendique-les-attentats-de-kaboul","status":"publish","type":"post","link":"https:\/\/linitiative.ca\/International\/daech-revendique-les-attentats-de-kaboul\/","title":{"rendered":"Daech revendique les attentats de Kaboul"},"content":{"rendered":"<div>\n<p>L\u2019organisation terroriste Daech a revendiqu\u00e9, ce jeudi, les deux attentats \u00e0 l\u2019explosif, qui ont secou\u00e9 la capitale afghane, Kaboul, et son a\u00e9roport. Les deux attentats se sont sold\u00e9s par le d\u00e9c\u00e8s de 40 personnes et la blessure de 120 autres. Des femmes, des enfants et des marines am\u00e9ricains figurent parmi les victimes.<\/p>\n<p>L\u2019article <a href=\"https:\/\/www.tunisienumerique.com\/daech-revendique-les-attentats-de-kaboul\/\">Daech revendique les attentats de Kaboul<\/a> est apparu en premier sur <a href=\"https:\/\/www.tunisienumerique.com\/\">Tunisie<\/a>.<\/p>\n<\/div>\n<p>Auteur: LM<br \/>\n<a href=\"https:\/\/www.tunisienumerique.com\/daech-revendique-les-attentats-de-kaboul\/\">Cliquez ici pour lire l&rsquo;article depuis sa source.<\/a><\/p>\n","protected":false},"excerpt":{"rendered":"<p>L\u2019organisation terroriste Daech a revendiqu\u00e9, ce jeudi, les deux attentats \u00e0 l\u2019explosif, qui ont secou\u00e9 la capitale afghane, Kaboul, et son a\u00e9roport. Les deux attentats se sont sold\u00e9s par le d\u00e9c\u00e8s de 40 personnes et la blessure de 120 autres. Des femmes, des enfants et des marines am\u00e9ricains figurent parmi les victimes. L\u2019article Daech revendique [&hellip;]<\/p>\n","protected":false},"author":1789,"featured_media":0,"comment_status":"closed","ping_status":"closed","sticky":false,"template":"","format":"standard","meta":{"fifu_image_url":"","fifu_image_alt":"","footnotes":""},"categories":[73,55],"tags":[],"class_list":["post-125251","post","type-post","status-publish","format-standard","hentry","category-actualite","category-tunisie"],"_links":{"self":[{"href":"https:\/\/linitiative.ca\/International\/wp-json\/wp\/v2\/posts\/125251","targetHints":{"allow":["GET"]}}],"collection":[{"href":"https:\/\/linitiative.ca\/International\/wp-json\/wp\/v2\/posts"}],"about":[{"href":"https:\/\/linitiative.ca\/International\/wp-json\/wp\/v2\/types\/post"}],"author":[{"embeddable":true,"href":"https:\/\/linitiative.ca\/International\/wp-json\/wp\/v2\/users\/1789"}],"replies":[{"embeddable":true,"href":"https:\/\/linitiative.ca\/International\/wp-json\/wp\/v2\/comments?post=125251"}],"version-history":[{"count":0,"href":"https:\/\/linitiative.ca\/International\/wp-json\/wp\/v2\/posts\/125251\/revisions"}],"wp:attachment":[{"href":"https:\/\/linitiative.ca\/International\/wp-json\/wp\/v2\/media?parent=125251"}],"wp:term":[{"taxonomy":"category","embeddable":true,"href":"https:\/\/linitiative.ca\/International\/wp-json\/wp\/v2\/categories?post=125251"},{"taxonomy":"post_tag","embeddable":true,"href":"https:\/\/linitiative.ca\/International\/wp-json\/wp\/v2\/tags?post=125251"}],"curies":[{"name":"wp","href":"https:\/\/api.w.org\/{rel}","templated":true}]}}