{"id":125252,"date":"2021-08-26T17:17:02","date_gmt":"2021-08-26T21:17:02","guid":{"rendered":"https:\/\/linitiative.ca\/International\/douze-militaires-americains-morts-dans-le-double-attentat-de-laeroport-de-kaboul\/"},"modified":"2021-08-26T17:17:02","modified_gmt":"2021-08-26T21:17:02","slug":"douze-militaires-americains-morts-dans-le-double-attentat-de-laeroport-de-kaboul","status":"publish","type":"post","link":"https:\/\/linitiative.ca\/International\/douze-militaires-americains-morts-dans-le-double-attentat-de-laeroport-de-kaboul\/","title":{"rendered":"Douze militaires am\u00e9ricains morts dans le double attentat de l\u2019a\u00e9roport de Kaboul"},"content":{"rendered":"<div>\n<p>Peu avant 16\u00a0heures (heure de Paris), ce jeudi, deux explosions se sont produites \u00e0 proximit\u00e9 de l\u2019a\u00e9roport de Kaboul, faisant plusieurs morts et plus d\u2019une centaine de bless\u00e9s, ont fait savoir les urgences hospitali\u00e8res de la capitale afghane. Selon deux officiels am\u00e9ricains aupr\u00e8s de l\u2019agence Associated Press (AP), au moins onze soldats am\u00e9ricains et un [\u2026]<\/p>\n<p>L\u2019article <a href=\"https:\/\/www.tunisienumerique.com\/douze-militaires-americains-morts-dans-le-double-attentat-de-laeroport-de-kaboul\/\">Douze militaires am\u00e9ricains morts dans le double attentat de l\u2019a\u00e9roport de Kaboul<\/a> est apparu en premier sur <a href=\"https:\/\/www.tunisienumerique.com\/\">Tunisie<\/a>.<\/p>\n<\/div>\n<p>Auteur: LM<br \/>\n<a href=\"https:\/\/www.tunisienumerique.com\/douze-militaires-americains-morts-dans-le-double-attentat-de-laeroport-de-kaboul\/\">Cliquez ici pour lire l&rsquo;article depuis sa source.<\/a><\/p>\n","protected":false},"excerpt":{"rendered":"<p>Peu avant 16\u00a0heures (heure de Paris), ce jeudi, deux explosions se sont produites \u00e0 proximit\u00e9 de l\u2019a\u00e9roport de Kaboul, faisant plusieurs morts et plus d\u2019une centaine de bless\u00e9s, ont fait savoir les urgences hospitali\u00e8res de la capitale afghane. Selon deux officiels am\u00e9ricains aupr\u00e8s de l\u2019agence Associated Press (AP), au moins onze soldats am\u00e9ricains et un [&hellip;]<\/p>\n","protected":false},"author":1789,"featured_media":0,"comment_status":"closed","ping_status":"closed","sticky":false,"template":"","format":"standard","meta":{"fifu_image_url":"","fifu_image_alt":"","footnotes":""},"categories":[73,55],"tags":[],"class_list":["post-125252","post","type-post","status-publish","format-standard","hentry","category-actualite","category-tunisie"],"_links":{"self":[{"href":"https:\/\/linitiative.ca\/International\/wp-json\/wp\/v2\/posts\/125252","targetHints":{"allow":["GET"]}}],"collection":[{"href":"https:\/\/linitiative.ca\/International\/wp-json\/wp\/v2\/posts"}],"about":[{"href":"https:\/\/linitiative.ca\/International\/wp-json\/wp\/v2\/types\/post"}],"author":[{"embeddable":true,"href":"https:\/\/linitiative.ca\/International\/wp-json\/wp\/v2\/users\/1789"}],"replies":[{"embeddable":true,"href":"https:\/\/linitiative.ca\/International\/wp-json\/wp\/v2\/comments?post=125252"}],"version-history":[{"count":0,"href":"https:\/\/linitiative.ca\/International\/wp-json\/wp\/v2\/posts\/125252\/revisions"}],"wp:attachment":[{"href":"https:\/\/linitiative.ca\/International\/wp-json\/wp\/v2\/media?parent=125252"}],"wp:term":[{"taxonomy":"category","embeddable":true,"href":"https:\/\/linitiative.ca\/International\/wp-json\/wp\/v2\/categories?post=125252"},{"taxonomy":"post_tag","embeddable":true,"href":"https:\/\/linitiative.ca\/International\/wp-json\/wp\/v2\/tags?post=125252"}],"curies":[{"name":"wp","href":"https:\/\/api.w.org\/{rel}","templated":true}]}}