{"id":125253,"date":"2021-08-26T15:21:38","date_gmt":"2021-08-26T19:21:38","guid":{"rendered":"https:\/\/linitiative.ca\/International\/arrestation-de-boubeye-maiga-au-mali\/"},"modified":"2021-08-26T15:21:38","modified_gmt":"2021-08-26T19:21:38","slug":"arrestation-de-boubeye-maiga-au-mali","status":"publish","type":"post","link":"https:\/\/linitiative.ca\/International\/arrestation-de-boubeye-maiga-au-mali\/","title":{"rendered":"ARRESTATION DE BOUBEYE MA\u00cfGA AU MALI"},"content":{"rendered":"<div>\n<p><img decoding=\"async\" width=\"696\" height=\"392\" src=\"https:\/\/linitiative.ca\/International\/wp-content\/uploads\/sites\/23\/2021\/08\/MAIGA.jpg\" class=\"attachment- size- wp-post-image\" alt=\"\" loading=\"lazy\" style=\"float:left; margin:0 15px 15px 0;\" srcset=\"https:\/\/linitiative.ca\/International\/wp-content\/uploads\/sites\/23\/2021\/08\/MAIGA.jpg 696w, https:\/\/lepays.bf\/wp-content\/uploads\/2021\/08\/MAIGA-300x169.jpg 300w, https:\/\/lepays.bf\/wp-content\/uploads\/2021\/08\/MAIGA-390x220.jpg 390w\" sizes=\"auto, (max-width: 696px) 100vw, 696px\">Un ancien Premier ministre d\u2019Ibrahim Boubacar Ke\u00efta (IBK) a \u00e9t\u00e9 mis aux arr\u00eats le jeudi 26 ao\u00fbt \u00e0 Bamako. Il est reproch\u00e9 \u00e0 Soumeylou Boubeye Ma\u00efga,\u00a0 puisque c\u2019est de lui qu\u2019il s\u2019agit, sa gestion entach\u00e9e d\u2019irr\u00e9gularit\u00e9s dans l\u2019achat de l\u2019avion de commandement du pr\u00e9sident de la R\u00e9publique ainsi que sa gestion suspecte li\u00e9e \u00e0 l\u2019achat \u2026<\/p>\n<p>L\u2019article <a rel=\"nofollow\" href=\"https:\/\/lepays.bf\/arrestation-de-boubeye-maiga-au-mali\/\">ARRESTATION DE BOUBEYE MA\u00cfGA AU MALI<\/a> est apparu en premier sur <a rel=\"nofollow\" href=\"https:\/\/lepays.bf\/\">Editions Le Pays<\/a>.<\/p>\n<\/div>\n<p>Auteur: Editions LEPAYS<br \/>\n<a href=\"https:\/\/lepays.bf\/arrestation-de-boubeye-maiga-au-mali\/\">Cliquez ici pour lire l&rsquo;article depuis sa source.<\/a><\/p>\n","protected":false},"excerpt":{"rendered":"<p>Un ancien Premier ministre d\u2019Ibrahim Boubacar Ke\u00efta (IBK) a \u00e9t\u00e9 mis aux arr\u00eats le jeudi 26 ao\u00fbt \u00e0 Bamako. Il est reproch\u00e9 \u00e0 Soumeylou Boubeye Ma\u00efga,\u00a0 puisque c\u2019est de lui qu\u2019il s\u2019agit, sa gestion entach\u00e9e d\u2019irr\u00e9gularit\u00e9s dans l\u2019achat de l\u2019avion de commandement du pr\u00e9sident de la R\u00e9publique ainsi que sa gestion suspecte li\u00e9e \u00e0 l\u2019achat [&hellip;]<\/p>\n","protected":false},"author":1813,"featured_media":0,"comment_status":"closed","ping_status":"closed","sticky":false,"template":"","format":"standard","meta":{"fifu_image_url":"https:\/\/lepays.bf\/wp-content\/uploads\/2021\/08\/MAIGA.jpg","fifu_image_alt":"ARRESTATION DE BOUBEYE MA\u00cfGA AU MALI","footnotes":""},"categories":[73,81],"tags":[],"class_list":["post-125253","post","type-post","status-publish","format-standard","hentry","category-actualite","category-burkina-faso"],"_links":{"self":[{"href":"https:\/\/linitiative.ca\/International\/wp-json\/wp\/v2\/posts\/125253","targetHints":{"allow":["GET"]}}],"collection":[{"href":"https:\/\/linitiative.ca\/International\/wp-json\/wp\/v2\/posts"}],"about":[{"href":"https:\/\/linitiative.ca\/International\/wp-json\/wp\/v2\/types\/post"}],"author":[{"embeddable":true,"href":"https:\/\/linitiative.ca\/International\/wp-json\/wp\/v2\/users\/1813"}],"replies":[{"embeddable":true,"href":"https:\/\/linitiative.ca\/International\/wp-json\/wp\/v2\/comments?post=125253"}],"version-history":[{"count":0,"href":"https:\/\/linitiative.ca\/International\/wp-json\/wp\/v2\/posts\/125253\/revisions"}],"wp:attachment":[{"href":"https:\/\/linitiative.ca\/International\/wp-json\/wp\/v2\/media?parent=125253"}],"wp:term":[{"taxonomy":"category","embeddable":true,"href":"https:\/\/linitiative.ca\/International\/wp-json\/wp\/v2\/categories?post=125253"},{"taxonomy":"post_tag","embeddable":true,"href":"https:\/\/linitiative.ca\/International\/wp-json\/wp\/v2\/tags?post=125253"}],"curies":[{"name":"wp","href":"https:\/\/api.w.org\/{rel}","templated":true}]}}