{"id":125255,"date":"2021-08-26T17:05:56","date_gmt":"2021-08-26T21:05:56","guid":{"rendered":"https:\/\/linitiative.ca\/International\/assemblee-nationale-un-reseau-pour-promouvoir-la-croissance-verte-inclusive\/"},"modified":"2021-08-26T17:05:56","modified_gmt":"2021-08-26T21:05:56","slug":"assemblee-nationale-un-reseau-pour-promouvoir-la-croissance-verte-inclusive","status":"publish","type":"post","link":"https:\/\/linitiative.ca\/International\/assemblee-nationale-un-reseau-pour-promouvoir-la-croissance-verte-inclusive\/","title":{"rendered":"Assembl\u00e9e nationale  : Un r\u00e9seau pour promouvoir la croissance verte inclusive"},"content":{"rendered":"<div>\n<p><strong>L\u2019Assembl\u00e9e nationale a proc\u00e9d\u00e9, le jeudi 26 ao\u00fbt 2021, au lancement du R\u00e9seau parlementaire pour la Croissance verte et les services \u00e9cosyst\u00e9miques (RP-CVES) au Burkina Faso. Le lancement dudit r\u00e9seau s\u2019est effectu\u00e9 sous forme de plantation de 310 plants \u00e0 Lao, dans la commune de Komki Ipala, \u00e0 la p\u00e9riph\u00e9rie Sud-Ouest de Ouagadougou, sur le site du bosquet de feu Dr Salifou Diallo, ex-Pr\u00e9sident du Parlement burkinab\u00e8.<\/strong><\/p>\n<p>L\u2019Assembl\u00e9e nationale entend mieux contribuer \u00e0 la promotion de la croissance verte inclusive au Burkina Faso pour une r\u00e9silience climatique et la pr\u00e9servation des ressources naturelles. A cet effet, la Repr\u00e9sentation nationale a cr\u00e9\u00e9, en avril dernier, le R\u00e9seau parlementaire pour la Croissance verte et les services \u00e9cosyst\u00e9miques (RP-CVES). Le lancement officiel du r\u00e9seau est intervenu, le jeudi 26 ao\u00fbt 2021, dans le village de Lao, commune de Komki Ipala, \u00e0 la p\u00e9riph\u00e9rie Sud-Ouest de Ouagadougou.<\/p>\n<p>Il s\u2019est effectu\u00e9 \u00e0 travers la mise en terre, sur le site du bosquet de feu Dr Salifou Diallo, ex-Pr\u00e9sident de l\u2019Assembl\u00e9e nationale, de 310 plants comprenant des esp\u00e8ces locales et l\u2019esp\u00e8ce \u00abAcacia nilotica \u00bb pour le renforcement de la haie vive le long de la cl\u00f4ture du site du bosquet. Le RP-CVES, a expliqu\u00e9 son coordonnateur, le d\u00e9put\u00e9 Yemboado Georges Namoano, vise \u00e0 appuyer les pouvoirs publics, les collectivit\u00e9s locales et autres acteurs dans la promotion de l\u2019efficacit\u00e9 \u00e9nerg\u00e9tique, des technologies propres et du d\u00e9veloppement durable, la pr\u00e9servation de la biodiversit\u00e9, la protection et la valorisation des biens et services \u00e9cosyst\u00e9miques.<\/p>\n<p>Le RP-CVES, a-t-il ajout\u00e9, entend \u00e9galement promouvoir la coordination et l\u2019alignement des actions parlementaires sur l\u2019environnement avec les cadres internationaux existants afin de cr\u00e9er des synergies entre les objectifs mondiaux et nationaux. Il s\u2019agit aussi, a-t-il rench\u00e9ri, de renforcer la compr\u00e9hension et soutenir la mise en \u0153uvre des Objectifs de d\u00e9veloppement durable (ODD) \u00e0 l\u2019horizon 2030 et offrir des conseils \u00ab pr\u00e9cieux \u00bb aux parlementaires pour soutenir une prise de d\u00e9cision qui consid\u00e8re les facteurs sociaux, \u00e9conomiques et environnementaux dans le but d\u2019am\u00e9liorer la durabilit\u00e9, la r\u00e9silience et l\u2019\u00e9quit\u00e9 de nos soci\u00e9t\u00e9s.<\/p>\n<p>\u00abLe RP-CVES se propose d\u2019\u00e9tablir des partenariats avec toutes les structures (\u00e9tatiques, collectivit\u00e9s locales, partenaires techniques et financiers du Burkina Faso, soci\u00e9t\u00e9 civile, entrepreneurs de l\u2019environnement, etc.) d\u00e9sireuses d\u2019apporter, avec lui, des contributions substantielles en vue d\u2019obtenir des impacts r\u00e9els et significatifs dans les domaines ci-dessus \u00e9nonc\u00e9s \u00bb, a-t-il relev\u00e9.<\/p>\n<h3>Lobbying et suivi du r\u00e9seau<\/h3>\n<figure id=\"attachment_38866\" aria-describedby=\"caption-attachment-38866\" style=\"width: 300px\" class=\"wp-caption alignright\"><img decoding=\"async\" loading=\"lazy\" class=\"size-medium wp-image-38866\" src=\"https:\/\/linitiative.ca\/International\/wp-content\/uploads\/sites\/23\/2021\/08\/as1-300x207-1.gif\" alt=\"\" width=\"300\" height=\"207\" srcset=\"https:\/\/linitiative.ca\/International\/wp-content\/uploads\/sites\/23\/2021\/08\/as1-300x207-1.gif 300w, https:\/\/www.sidwaya.info\/wp-content\/uploads\/2021\/08\/as1-768x530.gif 768w, https:\/\/www.sidwaya.info\/wp-content\/uploads\/2021\/08\/as1-150x103.gif 150w, https:\/\/www.sidwaya.info\/wp-content\/uploads\/2021\/08\/as1-218x150.gif 218w, https:\/\/www.sidwaya.info\/wp-content\/uploads\/2021\/08\/as1-696x480.gif 696w, https:\/\/www.sidwaya.info\/wp-content\/uploads\/2021\/08\/as1-609x420.gif 609w, https:\/\/www.sidwaya.info\/wp-content\/uploads\/2021\/08\/as1-100x70.gif 100w\" sizes=\"auto, (max-width: 300px) 100vw, 300px\"><figcaption id=\"caption-attachment-38866\" class=\"wp-caption-text\">Par ce reboisement, le r\u00e9seau s\u2019associe \u00e9galement au mois<br \/>de l\u2019arbre lanc\u00e9 dans ce mois d\u2019ao\u00fbt \u00e0 Ziniar\u00e9 par le pr\u00e9sident du Faso.<\/figcaption><\/figure>\n<p>A entendre l\u2019\u00e9lu national, la d\u00e9cision d\u2019associer au lancement des activit\u00e9s du R\u00e9seau, ce reboisement dans le bosquet feu Dr Salifou Diallo, \u00ab et ce, pour toute la p\u00e9riode de la huiti\u00e8me l\u00e9gislature \u00bb, est une mani\u00e8re \u00abd\u2019\u00eatre pragmatique \u00bb pour interpeller l\u2019ensemble des acteurs sur l\u2019urgence d\u2019agir individuellement et collectivement en faveur du climat.<\/p>\n<p>Pour sa part, D\u00e9sir\u00e9e Marie Chantal Boni, vice-pr\u00e9sidente de l\u2019AN, a relev\u00e9 qu\u2019en autorisant sa cr\u00e9ation, le chef du Parlement, Alassane Bala Sakand\u00e9, a \u00abl\u2019intime conviction \u00bb que ce r\u00e9seau apportera une plus-value dans les th\u00e9matiques de son ressort. \u00abJ\u2019affirme que le Parlement du Burkina Faso jouera pleinement sa partition \u00e0 travers la cr\u00e9ation de la synergie d\u2019actions des acteurs gr\u00e2ce au travail d\u2019information et de lobbying, de suivi et d\u2019interpellation de ce r\u00e9seau, mais aussi \u00e0 travers l\u2019examen des projets de lois qui seront soumis et les actions de contr\u00f4le de l\u2019action gouvernementale \u00bb, a-t-elle promis.<\/p>\n<p>Mme Boni a, par ailleurs, exhort\u00e9 les partenaires du r\u00e9seau, \u00e0 apporter une assistance technique renforc\u00e9e et les moyens pour une contribution significative des parlementaires \u00e0 l\u2019atteinte des Objectifs du d\u00e9veloppement durable. Le maire de Komki Ipala, Adama V\u00edctor Kabr\u00e9, s\u2019est r\u00e9joui du choix port\u00e9 sur sa commune pour la pr\u00e9sentation du r\u00e9seau suivie d\u2019une plantation. Il a poursuivi que les objectifs du projet \u00e9pousent les pr\u00e9occupations des populations \u00e0 la base, car touchant \u00e0 la pr\u00e9servation de l\u2019environnement et \u00e0 la lutte contre le changement climatique.<\/p>\n<p style=\"text-align: right\"><strong>Jean-Marie TOE <\/strong><\/p>\n<p>L\u2019article <a rel=\"nofollow\" href=\"https:\/\/www.sidwaya.info\/blog\/2021\/08\/26\/assemblee-nationale-un-reseau-pour-promouvoir-la-croissance-verte-inclusive\/\">Assembl\u00e9e nationale  : Un r\u00e9seau pour promouvoir la croissance verte inclusive<\/a> est apparu en premier sur <a rel=\"nofollow\" href=\"https:\/\/www.sidwaya.info\/\">Quotidien Sidwaya<\/a>.<\/p>\n<\/div>\n<p>Auteur: JK. Sidwaya<br \/>\n<a href=\"https:\/\/www.sidwaya.info\/blog\/2021\/08\/26\/assemblee-nationale-un-reseau-pour-promouvoir-la-croissance-verte-inclusive\/\">Cliquez ici pour lire l&rsquo;article depuis sa source.<\/a><\/p>\n","protected":false},"excerpt":{"rendered":"<p>L\u2019Assembl\u00e9e nationale a proc\u00e9d\u00e9, le jeudi 26 ao\u00fbt 2021, au lancement du R\u00e9seau parlementaire pour la Croissance verte et les services \u00e9cosyst\u00e9miques (RP-CVES) au Burkina Faso. Le lancement dudit r\u00e9seau s\u2019est effectu\u00e9 sous forme de plantation de 310 plants \u00e0 Lao, dans la commune de Komki Ipala, \u00e0 la p\u00e9riph\u00e9rie Sud-Ouest de Ouagadougou, sur le [&hellip;]<\/p>\n","protected":false},"author":1816,"featured_media":0,"comment_status":"closed","ping_status":"closed","sticky":false,"template":"","format":"standard","meta":{"fifu_image_url":"https:\/\/www.sidwaya.info\/wp-content\/uploads\/2021\/08\/as1-300x207.gif","fifu_image_alt":"Assembl\u00e9e nationale  : Un r\u00e9seau pour promouvoir la croissance verte inclusive","footnotes":""},"categories":[73,81],"tags":[],"class_list":["post-125255","post","type-post","status-publish","format-standard","hentry","category-actualite","category-burkina-faso"],"_links":{"self":[{"href":"https:\/\/linitiative.ca\/International\/wp-json\/wp\/v2\/posts\/125255","targetHints":{"allow":["GET"]}}],"collection":[{"href":"https:\/\/linitiative.ca\/International\/wp-json\/wp\/v2\/posts"}],"about":[{"href":"https:\/\/linitiative.ca\/International\/wp-json\/wp\/v2\/types\/post"}],"author":[{"embeddable":true,"href":"https:\/\/linitiative.ca\/International\/wp-json\/wp\/v2\/users\/1816"}],"replies":[{"embeddable":true,"href":"https:\/\/linitiative.ca\/International\/wp-json\/wp\/v2\/comments?post=125255"}],"version-history":[{"count":0,"href":"https:\/\/linitiative.ca\/International\/wp-json\/wp\/v2\/posts\/125255\/revisions"}],"wp:attachment":[{"href":"https:\/\/linitiative.ca\/International\/wp-json\/wp\/v2\/media?parent=125255"}],"wp:term":[{"taxonomy":"category","embeddable":true,"href":"https:\/\/linitiative.ca\/International\/wp-json\/wp\/v2\/categories?post=125255"},{"taxonomy":"post_tag","embeddable":true,"href":"https:\/\/linitiative.ca\/International\/wp-json\/wp\/v2\/tags?post=125255"}],"curies":[{"name":"wp","href":"https:\/\/api.w.org\/{rel}","templated":true}]}}