{"id":125259,"date":"2021-08-26T17:27:44","date_gmt":"2021-08-26T21:27:44","guid":{"rendered":"https:\/\/linitiative.ca\/International\/le-ministre-en-charge-des-burkinabe-de-lexterieur-en-visite-en-belgique-un-premier-contact-avec-la-diaspora-enrichissant\/"},"modified":"2021-08-26T17:27:44","modified_gmt":"2021-08-26T21:27:44","slug":"le-ministre-en-charge-des-burkinabe-de-lexterieur-en-visite-en-belgique-un-premier-contact-avec-la-diaspora-enrichissant","status":"publish","type":"post","link":"https:\/\/linitiative.ca\/International\/le-ministre-en-charge-des-burkinabe-de-lexterieur-en-visite-en-belgique-un-premier-contact-avec-la-diaspora-enrichissant\/","title":{"rendered":"Le ministre en charge des Burkinab\u00e8 de l\u2019ext\u00e9rieur en visite  en Belgique : Un premier contact , avec la diaspora enrichissant"},"content":{"rendered":"<div>\n<p><strong>La ministre d\u00e9l\u00e9gu\u00e9e charg\u00e9e des Burkinab\u00e8 de l\u2019\u00e9tranger, Mme Clarisse Merindol\/Ouoba a s\u00e9journ\u00e9 du 19 au 23 ao\u00fbt 2021 \u00e0 Bruxelles dans le cadre de sa tourn\u00e9e \u00e0 la rencontre de la diaspora burkinab\u00e8. En Belgique et aux Pays-Bas, la ministre Merindol s\u2019est montr\u00e9e solidaire des Burkinab\u00e8 \u00e9prouv\u00e9s avant d\u2019avoir un moment fort de dialogue direct avec l\u2019ensemble des compatriotes. <\/strong><\/p>\n<p>Le s\u00e9jour de la ministre d\u00e9l\u00e9gu\u00e9e en Belgique a \u00e9t\u00e9 marqu\u00e9 par des visites de terrain. Li\u00e8ge est une des villes de la Belgique profond\u00e9ment touch\u00e9e par les intemp\u00e9ries que la Belgique a connues en juillet dernier. Parmi les victimes, on d\u00e9nombre des Burkinab\u00e8 dont les biens ont \u00e9t\u00e9 noy\u00e9s dans la mont\u00e9e des eaux.<\/p>\n<p>\u00ab Le gouvernement a suivi l\u2019\u00e9volution de la situation en temps r\u00e9el \u00e0 l\u2019\u00e9poque. Je ne pouvais pas s\u00e9journer en Belgique sans faire le d\u00e9placement de Li\u00e8ge pour apporter le soutien du Burkina Faso \u00e0 ses fils et filles de la R\u00e9publique qui font face \u00e0 des moments difficiles. Apr\u00e8s les inondations, il faut se reconstruire. Et c\u2019est une des phases les plus difficiles \u00bb, a justifi\u00e9 la ministre.<\/p>\n<p>Fortement mobilis\u00e9e, la petite communaut\u00e9 des Burkinab\u00e8 de Li\u00e8ge et environs a dit sa fiert\u00e9 de recevoir un membre du gouvernement. \u00ab Nous savons maintenant que nous ne sommes pas oubli\u00e9s. Malgr\u00e9 la distance, malgr\u00e9 un agenda charg\u00e9, le gouvernement, \u00e0 travers la ministre, a montr\u00e9 que la diaspora compte pour lui \u00bb a d\u00e9clar\u00e9 l\u2019un des sinistr\u00e9s, Ablass\u00e9 Tiemtor\u00e9 .<\/p>\n<p>Daouda Sanou, pr\u00e9sident de l\u2019Association des Burkinab\u00e8 de Belgique (ABB) a tenu \u00e0 souligner que l\u2019int\u00e9r\u00eat manifeste des plus hautes autorit\u00e9s du Burkina pour les Burkinab\u00e8 de l\u2019ext\u00e9rieur fait que les Burkinab\u00e8 de la Belgique sont jalous\u00e9s par les autres communaut\u00e9s \u00e9trang\u00e8res. \u00ab Face \u00e0 la catastrophe de Li\u00e8ge, seul l\u2019ambassadeur du Burkina a fait le d\u00e9placement sur le terrain pour r\u00e9conforter ses compatriotes.<\/p>\n<p>Aujourd\u2019hui c\u2019est une ministre qui est l\u00e0. Nous ne pouvons que dire merci au gouvernement \u00bb a-t-il fait savoir. La ministre Merindol a retenu de la visite de terrain, la r\u00e9silience de nos compatriotes impact\u00e9s qui ont surmont\u00e9 le drame et ont repris \u00e0 vivre. Ao\u00fbt \u00e9tant la<\/p>\n<p>p\u00e9riode des grandes vacances, la mobilisation de la diaspora pour la rencontre entre la ministre pouvait \u00eatre biais\u00e9e. Mais le 22 ao\u00fbt, la salle de r\u00e9union de l\u2019Ambassade a fait comble. Ils sont venus de toutes les juridictions, Pays-Bas, Luxembourg et des quatre coins de la Belgique. C\u2019\u00e9tait donc l\u2019occasion pour la patronne des Burkinab\u00e8 de l\u2019\u00e9tranger de d\u00e9voiler la batterie de mesures nouvelles prises par le gouvernement en faveur des Burkinab\u00e8 de l\u2019ext\u00e9rieur.<\/p>\n<p>\u00ab Bient\u00f4t, le Haut conseil des Burkinab\u00e8 de l\u2019ext\u00e9rieur va voir le jour. Ce cadre r\u00e9pond \u00e0 l\u2019ensemble des pr\u00e9occupations de nos compatriotes vivant hors de nos fronti\u00e8res. Nous voulons qu\u2019ils se l\u2019approprient en s\u2019y impliquant fortement \u00bb a soulign\u00e9 la ministre. Cadres d\u2019investissement s\u00e9curis\u00e9s, m\u00e9canisme d\u2019accueil en cas de retour, vote des Burkinab\u00e8 de l\u2019ext\u00e9rieur, etc., aucun sujet n\u2019a \u00e9t\u00e9 exclu au cours de ces moments d\u2019\u00e9changes directs avec la ministre. C\u2019est une diaspora enti\u00e8rement satisfaite qui est sortie de la rencontre. \u00ab C\u2019est la premi\u00e8re fois que je prends part \u00e0 ce type de rencontres. Pour moi, elles ne servaient \u00e0 rien.<\/p>\n<p>Mais l\u00e0, j\u2019en sors totalement chang\u00e9e \u00bb avoue Maya H\u00e9ma, juriste fiscaliste. Le doyen, Joseph Ou\u00e9draogo abonde dans le m\u00eame sens : \u00ab la ministre a parl\u00e9 vrai \u00bb. Malgr\u00e9 un calendrier charg\u00e9, la ministre a \u00e9t\u00e9 interpell\u00e9e par l\u2019appel en d\u00e9tresse d\u2019un Burkinab\u00e8 vivant aux Pays-Bas. Richard Van De Wal, Burkinab\u00e8 de m\u00e8re et N\u00e9erlandais de p\u00e8re vivait au Burkina avec sa m\u00e8re \u00e0 la suite de la s\u00e9paration du couple.<\/p>\n<figure id=\"attachment_38878\" aria-describedby=\"caption-attachment-38878\" style=\"width: 300px\" class=\"wp-caption alignleft\"><img decoding=\"async\" loading=\"lazy\" class=\"size-medium wp-image-38878\" src=\"https:\/\/linitiative.ca\/International\/wp-content\/uploads\/sites\/23\/2021\/08\/a1-300x189-1.gif\" alt=\"\" width=\"300\" height=\"189\" srcset=\"https:\/\/linitiative.ca\/International\/wp-content\/uploads\/sites\/23\/2021\/08\/a1-300x189-1.gif 300w, https:\/\/www.sidwaya.info\/wp-content\/uploads\/2021\/08\/a1-768x483.gif 768w, https:\/\/www.sidwaya.info\/wp-content\/uploads\/2021\/08\/a1-150x94.gif 150w, https:\/\/www.sidwaya.info\/wp-content\/uploads\/2021\/08\/a1-696x438.gif 696w, https:\/\/www.sidwaya.info\/wp-content\/uploads\/2021\/08\/a1-668x420.gif 668w\" sizes=\"auto, (max-width: 300px) 100vw, 300px\"><figcaption id=\"caption-attachment-38878\" class=\"wp-caption-text\">Mme Tapsoba a fait un don de 500 euros en soutien<br \/>aux personnes d\u00e9plac\u00e9es.<\/figcaption><\/figure>\n<p>Ayant v\u00e9cu avec sa maman depuis l\u2019enfance, le gamin ne conna\u00eet que Ouagadougou et ne parle que le moor\u00e9, le fran\u00e7ais. A 19 ans, il est rapatri\u00e9 seul aux Pays-Bas au chevet de son p\u00e8re malade. Dix jours apr\u00e8s son arriv\u00e9e, ce dernier d\u00e9c\u00e8de laissant son fils seul au monde. Richard h\u00e9rite des biens de son p\u00e8re dont une grande maison mais ne parlant pas n\u00e9elandais et \u00e9tranger \u00e0 Stein, la ville de son p\u00e8re il est dans le d\u00e9sarroi.<\/p>\n<p>S\u00e9par\u00e9 de sa m\u00e8re rest\u00e9e au pays faute de visa, Richard a vu ses efforts pour faire venir sa m\u00e8re \u00e9chouer. Pour ne pas faciliter les choses, son h\u00e9ritage ne fait pas d\u2019heureux autour du lui. \u00ab Avant d\u2019\u00eatre ministre, je suis m\u00e8re. Et voir un gamin abandonn\u00e9 ainsi seul dans un contexte pareil ne me laisse pas indiff\u00e9rente. En plus, je suis charg\u00e9e des Burkinab\u00e8 de l\u2019ext\u00e9rieur \u00bb fait remarquer la ministre. Pour mieux cerner le probl\u00e8me et apporter son soutien au gamin en d\u00e9tresse, la ministre a fait le d\u00e9placement de Stein. \u00ab C\u2019est une situation sensible et difficile \u00e0 la fois. Le contexte sanitaire est \u00e0 l\u2019origine du durcissement des conditions de d\u00e9livrance de visa.<\/p>\n<p>Mais la pr\u00e9sence de la m\u00e8re va permettre au jeune Richard de retrouver un \u00e9quilibre \u00bb constate la ministre Merindol. Promesse a \u00e9t\u00e9 faite que le cas de ce jeune sera plaid\u00e9 pour une issue favorable. La Ministre d\u00e9l\u00e9gu\u00e9e a \u00e9t\u00e9 re\u00e7ue en audience par le SG du Processus de Rabat le 20 ao\u00fbt d\u2019afin d\u2019\u00e9changer sur la question de l\u2019immigration. Elle a, par ailleurs, re\u00e7u des dons de Diallo Fatoumata et de Tapsoba Ad\u00e9line, deux Burkinab\u00e8 qui ont d\u00e9cid\u00e9 de mettre la main \u00e0 la poche afin de porter secours aux d\u00e9plac\u00e9s internes du fait de la crise s\u00e9curitaire.<\/p>\n<p style=\"text-align: right\"><strong>J\u00e9r\u00e9mie NION<\/strong><\/p>\n<p style=\"text-align: right\">Attach\u00e9 de presse \u00e0 Bruxelles<\/p>\n<p>L\u2019article <a rel=\"nofollow\" href=\"https:\/\/www.sidwaya.info\/blog\/2021\/08\/26\/le-ministre-en-charge-des-burkinabe-de-lexterieur-en-visite-en-belgique-un-premier-contact-avec-la-diaspora-enrichissant\/\">Le ministre en charge des Burkinab\u00e8 de l\u2019ext\u00e9rieur en visite  en Belgique : Un premier contact , avec la diaspora enrichissant<\/a> est apparu en premier sur <a rel=\"nofollow\" href=\"https:\/\/www.sidwaya.info\/\">Quotidien Sidwaya<\/a>.<\/p>\n<\/div>\n<p>Auteur: JK. Sidwaya<br \/>\n<a href=\"https:\/\/www.sidwaya.info\/blog\/2021\/08\/26\/le-ministre-en-charge-des-burkinabe-de-lexterieur-en-visite-en-belgique-un-premier-contact-avec-la-diaspora-enrichissant\/\">Cliquez ici pour lire l&rsquo;article depuis sa source.<\/a><\/p>\n","protected":false},"excerpt":{"rendered":"<p>La ministre d\u00e9l\u00e9gu\u00e9e charg\u00e9e des Burkinab\u00e8 de l\u2019\u00e9tranger, Mme Clarisse Merindol\/Ouoba a s\u00e9journ\u00e9 du 19 au 23 ao\u00fbt 2021 \u00e0 Bruxelles dans le cadre de sa tourn\u00e9e \u00e0 la rencontre de la diaspora burkinab\u00e8. En Belgique et aux Pays-Bas, la ministre Merindol s\u2019est montr\u00e9e solidaire des Burkinab\u00e8 \u00e9prouv\u00e9s avant d\u2019avoir un moment fort de dialogue [&hellip;]<\/p>\n","protected":false},"author":1816,"featured_media":0,"comment_status":"closed","ping_status":"closed","sticky":false,"template":"","format":"standard","meta":{"fifu_image_url":"https:\/\/www.sidwaya.info\/wp-content\/uploads\/2021\/08\/a1-300x189.gif","fifu_image_alt":"Le ministre en charge des Burkinab\u00e8 de l\u2019ext\u00e9rieur en visite  en Belgique : Un premier contact , avec la diaspora enrichissant","footnotes":""},"categories":[73,81],"tags":[],"class_list":["post-125259","post","type-post","status-publish","format-standard","hentry","category-actualite","category-burkina-faso"],"_links":{"self":[{"href":"https:\/\/linitiative.ca\/International\/wp-json\/wp\/v2\/posts\/125259","targetHints":{"allow":["GET"]}}],"collection":[{"href":"https:\/\/linitiative.ca\/International\/wp-json\/wp\/v2\/posts"}],"about":[{"href":"https:\/\/linitiative.ca\/International\/wp-json\/wp\/v2\/types\/post"}],"author":[{"embeddable":true,"href":"https:\/\/linitiative.ca\/International\/wp-json\/wp\/v2\/users\/1816"}],"replies":[{"embeddable":true,"href":"https:\/\/linitiative.ca\/International\/wp-json\/wp\/v2\/comments?post=125259"}],"version-history":[{"count":0,"href":"https:\/\/linitiative.ca\/International\/wp-json\/wp\/v2\/posts\/125259\/revisions"}],"wp:attachment":[{"href":"https:\/\/linitiative.ca\/International\/wp-json\/wp\/v2\/media?parent=125259"}],"wp:term":[{"taxonomy":"category","embeddable":true,"href":"https:\/\/linitiative.ca\/International\/wp-json\/wp\/v2\/categories?post=125259"},{"taxonomy":"post_tag","embeddable":true,"href":"https:\/\/linitiative.ca\/International\/wp-json\/wp\/v2\/tags?post=125259"}],"curies":[{"name":"wp","href":"https:\/\/api.w.org\/{rel}","templated":true}]}}