{"id":125261,"date":"2021-08-26T17:35:49","date_gmt":"2021-08-26T21:35:49","guid":{"rendered":"https:\/\/linitiative.ca\/International\/protection-des-droits-de-lenfant-un-atelier-pour-vulgariser-des-recommandations-des-experts\/"},"modified":"2021-08-26T17:35:49","modified_gmt":"2021-08-26T21:35:49","slug":"protection-des-droits-de-lenfant-un-atelier-pour-vulgariser-des-recommandations-des-experts","status":"publish","type":"post","link":"https:\/\/linitiative.ca\/International\/protection-des-droits-de-lenfant-un-atelier-pour-vulgariser-des-recommandations-des-experts\/","title":{"rendered":"Protection des droits de l\u2019enfant : Un atelier pour vulgariser des recommandations des experts"},"content":{"rendered":"<div>\n<p><strong>Le minist\u00e8re de la Femme, de la Solidarit\u00e9 nationale, de la Famille et de l\u2019Action humanitaire a organis\u00e9, le jeudi 26 ao\u00fbt 2021 \u00e0 Ouagadougou, un atelier de diffusion des recommandations issues de la pr\u00e9sentation de trois rapports p\u00e9riodiques de suivi de la mise en \u0153uvre de la Charte africaine des droits et du bien-\u00eatre de l\u2019enfant. <\/strong><\/p>\n<p>Le Burkina Faso veut se conformer \u00e0 son obligation de rendre compte des observations formul\u00e9es \u00e0 son endroit lors de la session du Comit\u00e9 africain d\u2019experts sur les droits et le bien-\u00eatre de l\u2019enfant qui s\u2019est tenue en avril 2018 \u00e0 Bamako au Mali. A cet effet, le minist\u00e8re de la Femme, de la Solidarit\u00e9 nationale, de la Famille et de l\u2019Action humanitaire a tenu, le jeudi 26 ao\u00fbt 2021 \u00e0 Ouagadougou, un atelier de diffusion des recommandations issues de la pr\u00e9sentation de ses 4e, 5e et 6e rapports p\u00e9riodiques de suivi de la mise en \u0153uvre de la Charte africaine des droits et du bien-\u00eatre de l\u2019enfant (CADBE).<\/p>\n<p>Pour le Directeur de cabinet du ministre en charge de la famille, Seydou Soulama, la rencontre se veut un cadre de partage et d\u2019\u00e9changes sur les dites recommandations. A l\u2019\u00e9couter, au terme de l\u2019examen de ces rapports, le comit\u00e9 a accueilli avec satisfaction les mesures prises par le pays des Hommes int\u00e8gres. Toutefois, a relev\u00e9 M. Soulama, les experts ont fait des observations au regard des insuffisances relev\u00e9es dans l\u2019application effective de la Charte.<\/p>\n<p>\u00ab Ce sont au total 100 recommandations qui doivent \u00eatre largement diffus\u00e9es sur le plan national et prises en compte par tous les acteurs et partenaires concern\u00e9s \u00e0 travers leurs plans d\u2019actions et programmes d\u2019activit\u00e9s pour un mieux-\u00eatre de l\u2019enfant au Burkina \u00bb, a-t-il pr\u00e9cis\u00e9. Ces recommandations portent, entre autres, sur une meilleure vulgarisation de la Charte \u00e0 travers sa traduction dans les langues locales afin que le maximum de Burkinab\u00e8 puissent s\u2019en approprier et sur l\u2019am\u00e9lioration de la s\u00e9curit\u00e9 routi\u00e8re en faveur des enfants.<\/p>\n<h3>L\u2019ins\u00e9curit\u00e9 freine les efforts<\/h3>\n<figure id=\"attachment_38884\" aria-describedby=\"caption-attachment-38884\" style=\"width: 300px\" class=\"wp-caption alignleft\"><img decoding=\"async\" loading=\"lazy\" class=\"size-medium wp-image-38884\" src=\"https:\/\/linitiative.ca\/International\/wp-content\/uploads\/sites\/23\/2021\/08\/protection3-300x273-1.gif\" alt=\"\" width=\"300\" height=\"273\" srcset=\"https:\/\/linitiative.ca\/International\/wp-content\/uploads\/sites\/23\/2021\/08\/protection3-300x273-1.gif 300w, https:\/\/www.sidwaya.info\/wp-content\/uploads\/2021\/08\/protection3-768x699.gif 768w, https:\/\/www.sidwaya.info\/wp-content\/uploads\/2021\/08\/protection3-150x137.gif 150w, https:\/\/www.sidwaya.info\/wp-content\/uploads\/2021\/08\/protection3-696x634.gif 696w, https:\/\/www.sidwaya.info\/wp-content\/uploads\/2021\/08\/protection3-461x420.gif 461w\" sizes=\"auto, (max-width: 300px) 100vw, 300px\"><figcaption id=\"caption-attachment-38884\" class=\"wp-caption-text\">Le charg\u00e9 de suivi de la qualit\u00e9 des programmes de l\u2019ONG ERIKS, Paul Kambou : \u00ab Le contexte s\u00e9curitaire fait que certains indicateurs sont en recul \u00bb.<\/figcaption><\/figure>\n<p>De l\u2019avis du Directeur de cabinet, au moment o\u00f9 les acteurs se penchent sur ces recommandations, le Burkina Faso a enregistr\u00e9 des acquis dans le domaine de la protection des droits de l\u2019enfant. Ce sont notamment, l\u2019instauration de la gratuit\u00e9 des soins des enfants de 0 \u00e0 5 ans en 2016, l\u2019instauration de la gratuit\u00e9 de la planification familiale en 2019. Il a pr\u00e9cis\u00e9 que cet atelier est donc une opportunit\u00e9 pour le minist\u00e8re de discuter avec les acteurs pour recueillir des informations pertinentes devant servir de base \u00e0 l\u2019\u00e9laboration des 7e et 8e rapports p\u00e9riodiques de suivi de la mise en \u0153uvre de la CADBE.<\/p>\n<p>Pour le charg\u00e9 de suivi de la qualit\u00e9 des programmes de l\u2019ONG ERIKS, Paul Kambou, l\u2019une des satisfactions de son organisation, partenaire du Burkina Faso, dans la promotion des droits de l\u2019enfant, est de voir que le pays produit de fa\u00e7on r\u00e9guli\u00e8re des rapports en lien avec la Charte. Concernant les recommandations du groupe des experts, M. Kambou a invit\u00e9 les acteurs \u00e9tatiques et non \u00e9tatiques \u00e0 les prendre en compte dans leurs actions afin qu\u2019\u00e0 la prochaine \u00e9valuation, le pays fasse des progr\u00e8s dans la protection des enfants. Le charg\u00e9 de suivi de la qualit\u00e9 des programmes de l\u2019ONG ERIKS a, en outre, relev\u00e9 que le contexte s\u00e9curitaire fait que certains indicateurs sont en recul.<\/p>\n<p>\u00ab On note la fermeture des centres de sant\u00e9 et plus de 60% des d\u00e9plac\u00e9s internes sont des enfants. Ce sont des questions \u00e0 prendre en compte pour d\u00e9gager les meilleurs m\u00e9canismes afin que les enfants continuent d\u2019avoir acc\u00e8s \u00e0 la sant\u00e9, \u00e0 l\u2019\u00e9ducation et \u00e0 la nutrition \u00bb, a-t-il plaid\u00e9. Le Burkina Faso a ratifi\u00e9, le 8 juin 1992, la Charte africaine des droits et du bien-\u00eatre de l\u2019enfant. Par cet acte, le pays s\u2019est engag\u00e9 \u00e0 soumettre p\u00e9riodiquement aux diff\u00e9rentes sessions de cette organisation des droits de l\u2019enfant des rapports sur les mesures prises pour leur application.<\/p>\n<p style=\"text-align: right\"><strong>Abdoulaye BALBONE<\/strong><\/p>\n<p style=\"text-align: right\"><strong> Dominique OUEDRAOGO<\/strong> (Stagiaire)<\/p>\n<p>L\u2019article <a rel=\"nofollow\" href=\"https:\/\/www.sidwaya.info\/blog\/2021\/08\/26\/protection-des-droits-de-lenfant-un-atelier-pour-vulgariser-des-recommandations-des-experts\/\">Protection des droits de l\u2019enfant : Un atelier pour vulgariser des recommandations des experts<\/a> est apparu en premier sur <a rel=\"nofollow\" href=\"https:\/\/www.sidwaya.info\/\">Quotidien Sidwaya<\/a>.<\/p>\n<\/div>\n<p>Auteur: JK. Sidwaya<br \/>\n<a href=\"https:\/\/www.sidwaya.info\/blog\/2021\/08\/26\/protection-des-droits-de-lenfant-un-atelier-pour-vulgariser-des-recommandations-des-experts\/\">Cliquez ici pour lire l&rsquo;article depuis sa source.<\/a><\/p>\n","protected":false},"excerpt":{"rendered":"<p>Le minist\u00e8re de la Femme, de la Solidarit\u00e9 nationale, de la Famille et de l\u2019Action humanitaire a organis\u00e9, le jeudi 26 ao\u00fbt 2021 \u00e0 Ouagadougou, un atelier de diffusion des recommandations issues de la pr\u00e9sentation de trois rapports p\u00e9riodiques de suivi de la mise en \u0153uvre de la Charte africaine des droits et du bien-\u00eatre [&hellip;]<\/p>\n","protected":false},"author":1816,"featured_media":0,"comment_status":"closed","ping_status":"closed","sticky":false,"template":"","format":"standard","meta":{"fifu_image_url":"https:\/\/www.sidwaya.info\/wp-content\/uploads\/2021\/08\/protection3-300x273.gif","fifu_image_alt":"Protection des droits de l\u2019enfant : Un atelier pour vulgariser des recommandations des experts","footnotes":""},"categories":[73,81],"tags":[],"class_list":["post-125261","post","type-post","status-publish","format-standard","hentry","category-actualite","category-burkina-faso"],"_links":{"self":[{"href":"https:\/\/linitiative.ca\/International\/wp-json\/wp\/v2\/posts\/125261","targetHints":{"allow":["GET"]}}],"collection":[{"href":"https:\/\/linitiative.ca\/International\/wp-json\/wp\/v2\/posts"}],"about":[{"href":"https:\/\/linitiative.ca\/International\/wp-json\/wp\/v2\/types\/post"}],"author":[{"embeddable":true,"href":"https:\/\/linitiative.ca\/International\/wp-json\/wp\/v2\/users\/1816"}],"replies":[{"embeddable":true,"href":"https:\/\/linitiative.ca\/International\/wp-json\/wp\/v2\/comments?post=125261"}],"version-history":[{"count":0,"href":"https:\/\/linitiative.ca\/International\/wp-json\/wp\/v2\/posts\/125261\/revisions"}],"wp:attachment":[{"href":"https:\/\/linitiative.ca\/International\/wp-json\/wp\/v2\/media?parent=125261"}],"wp:term":[{"taxonomy":"category","embeddable":true,"href":"https:\/\/linitiative.ca\/International\/wp-json\/wp\/v2\/categories?post=125261"},{"taxonomy":"post_tag","embeddable":true,"href":"https:\/\/linitiative.ca\/International\/wp-json\/wp\/v2\/tags?post=125261"}],"curies":[{"name":"wp","href":"https:\/\/api.w.org\/{rel}","templated":true}]}}