{"id":125265,"date":"2021-08-26T14:18:01","date_gmt":"2021-08-26T18:18:01","guid":{"rendered":"https:\/\/linitiative.ca\/International\/macky-sall-a-berlin-pour-la-conference-compact-avec-lafrique\/"},"modified":"2021-08-26T14:18:01","modified_gmt":"2021-08-26T18:18:01","slug":"macky-sall-a-berlin-pour-la-conference-compact-avec-lafrique","status":"publish","type":"post","link":"https:\/\/linitiative.ca\/International\/macky-sall-a-berlin-pour-la-conference-compact-avec-lafrique\/","title":{"rendered":"Macky Sall \u00e0 Berlin pour la Conf\u00e9rence \u00ab Compact avec l\u2019Afrique \u00bb"},"content":{"rendered":"<div>\n<p><img loading=\"lazy\" decoding=\"async\" width=\"1280\" height=\"853\" src=\"https:\/\/linitiative.ca\/International\/wp-content\/uploads\/sites\/23\/2021\/08\/16300018819668.jpg\" class=\"attachment-post-thumbnail size-post-thumbnail wp-post-image\" alt=\"\" srcset=\"https:\/\/linitiative.ca\/International\/wp-content\/uploads\/sites\/23\/2021\/08\/16300018819668.jpg 1280w, https:\/\/www.journalducameroun.com\/wp-content\/uploads\/2021\/08\/16300018819668-300x200.jpg 300w, https:\/\/www.journalducameroun.com\/wp-content\/uploads\/2021\/08\/16300018819668-768x512.jpg 768w, https:\/\/www.journalducameroun.com\/wp-content\/uploads\/2021\/08\/16300018819668-1024x682.jpg 1024w, https:\/\/www.journalducameroun.com\/wp-content\/uploads\/2021\/08\/16300018819668-660x440.jpg 660w, https:\/\/www.journalducameroun.com\/wp-content\/uploads\/2021\/08\/16300018819668-600x400.jpg 600w\" sizes=\"auto, (max-width: 1280px) 100vw, 1280px\"><\/p>\n<p>Le pr\u00e9sident s\u00e9n\u00e9galais, invit\u00e9 par la chanceli\u00e8re allemande Angela Merkel, quitte Dakar ce 26 ao\u00fbt.Lanc\u00e9e en 2017 sous la pr\u00e9sidence allemande du G20, la Conf\u00e9rence \u00ab Compact avec l&rsquo;Afrique \u00bb du 27 ao\u00fbt est une initiative visant \u00e0 \u00ab stimuler l&rsquo;investissement en Afrique par diff\u00e9rents m\u00e9canismes de soutien, y compris les r\u00e9formes n\u00e9cessaires \u00e0 l&rsquo;am\u00e9lioration de l&rsquo;environnement des affaires \u00bb.<\/p>\n<p>Le S\u00e9n\u00e9gal et onze autres pays africains sont \u00ab b\u00e9n\u00e9ficiaires \u00bb de ce programme. En marge de la Conf\u00e9rence, indique le P\u00f4le communication de la Pr\u00e9sidence de la R\u00e9publique du S\u00e9n\u00e9gal, le chef de l&rsquo;Etat \u00ab aura plusieurs entretiens les 27 et 28 ao\u00fbt avec des officiels et repr\u00e9sentants du secteur priv\u00e9 \u00bb. Le retour de Macky Sall au S\u00e9n\u00e9gal est pr\u00e9vu le 29 ao\u00fbt.<\/p>\n<p>Cet article <a rel=\"nofollow\" href=\"https:\/\/www.journalducameroun.com\/macky-sall-a-berlin-pour-la-conference-compact-avec-lafrique\/\">Macky Sall \u00e0 Berlin pour la Conf\u00e9rence \u00ab Compact avec l\u2019Afrique \u00bb<\/a> est apparu en premier sur <a rel=\"nofollow\" href=\"https:\/\/www.journalducameroun.com\/\">Journal du Cameroun<\/a>.<\/p>\n<\/div>\n<p>Auteur: APA News<br \/>\n<a href=\"https:\/\/www.journalducameroun.com\/macky-sall-a-berlin-pour-la-conference-compact-avec-lafrique\/\">Cliquez ici pour lire l&rsquo;article depuis sa source.<\/a><\/p>\n","protected":false},"excerpt":{"rendered":"<p>Le pr\u00e9sident s\u00e9n\u00e9galais, invit\u00e9 par la chanceli\u00e8re allemande Angela Merkel, quitte Dakar ce 26 ao\u00fbt.Lanc\u00e9e en 2017 sous la pr\u00e9sidence allemande du G20, la Conf\u00e9rence \u00ab Compact avec l&rsquo;Afrique \u00bb du 27 ao\u00fbt est une initiative visant \u00e0 \u00ab stimuler l&rsquo;investissement en Afrique par diff\u00e9rents m\u00e9canismes de soutien, y compris les r\u00e9formes n\u00e9cessaires \u00e0 l&rsquo;am\u00e9lioration [&hellip;]<\/p>\n","protected":false},"author":1965,"featured_media":0,"comment_status":"closed","ping_status":"closed","sticky":false,"template":"","format":"standard","meta":{"fifu_image_url":"https:\/\/www.journalducameroun.com\/wp-content\/uploads\/2021\/08\/16300018819668.jpg","fifu_image_alt":"Macky Sall \u00e0 Berlin pour la Conf\u00e9rence \u00ab Compact avec l\u2019Afrique \u00bb","footnotes":""},"categories":[73,82],"tags":[],"class_list":["post-125265","post","type-post","status-publish","format-standard","hentry","category-actualite","category-cameroun"],"_links":{"self":[{"href":"https:\/\/linitiative.ca\/International\/wp-json\/wp\/v2\/posts\/125265","targetHints":{"allow":["GET"]}}],"collection":[{"href":"https:\/\/linitiative.ca\/International\/wp-json\/wp\/v2\/posts"}],"about":[{"href":"https:\/\/linitiative.ca\/International\/wp-json\/wp\/v2\/types\/post"}],"author":[{"embeddable":true,"href":"https:\/\/linitiative.ca\/International\/wp-json\/wp\/v2\/users\/1965"}],"replies":[{"embeddable":true,"href":"https:\/\/linitiative.ca\/International\/wp-json\/wp\/v2\/comments?post=125265"}],"version-history":[{"count":0,"href":"https:\/\/linitiative.ca\/International\/wp-json\/wp\/v2\/posts\/125265\/revisions"}],"wp:attachment":[{"href":"https:\/\/linitiative.ca\/International\/wp-json\/wp\/v2\/media?parent=125265"}],"wp:term":[{"taxonomy":"category","embeddable":true,"href":"https:\/\/linitiative.ca\/International\/wp-json\/wp\/v2\/categories?post=125265"},{"taxonomy":"post_tag","embeddable":true,"href":"https:\/\/linitiative.ca\/International\/wp-json\/wp\/v2\/tags?post=125265"}],"curies":[{"name":"wp","href":"https:\/\/api.w.org\/{rel}","templated":true}]}}