{"id":125267,"date":"2021-08-26T14:18:01","date_gmt":"2021-08-26T18:18:01","guid":{"rendered":"https:\/\/linitiative.ca\/International\/la-cua-appelle-le-maroc-et-lalgerie-a-sabstenir-de-tout-acte-de-nature-a-inciter-a-lescalade\/"},"modified":"2021-08-26T14:18:01","modified_gmt":"2021-08-26T18:18:01","slug":"la-cua-appelle-le-maroc-et-lalgerie-a-sabstenir-de-tout-acte-de-nature-a-inciter-a-lescalade","status":"publish","type":"post","link":"https:\/\/linitiative.ca\/International\/la-cua-appelle-le-maroc-et-lalgerie-a-sabstenir-de-tout-acte-de-nature-a-inciter-a-lescalade\/","title":{"rendered":"La CUA appelle le Maroc et l\u2019Alg\u00e9rie \u00e0 s\u2019abstenir de tout acte de nature \u00e0 inciter \u00e0 l\u2019escalade"},"content":{"rendered":"<div>\n<p><img loading=\"lazy\" decoding=\"async\" width=\"283\" height=\"178\" src=\"https:\/\/linitiative.ca\/International\/wp-content\/uploads\/sites\/23\/2021\/08\/16300018812464.jpg\" class=\"attachment-post-thumbnail size-post-thumbnail wp-post-image\" alt=\"\"><\/p>\n<p>Le Pr\u00e9sident de la Commission de l&rsquo;Union africaine (CUA), Moussa Faki Mahamat, a exprim\u00e9 son profond regret la rupture des relations diplomatiques entre l&rsquo;Alg\u00e9rie et le Maroc, pays piliers de l&rsquo;UA.Dans un communiqu\u00e9 publi\u00e9 ce jeudi, M. Moussa Faki, d\u00e9plore \u00ab toute d\u00e9t\u00e9rioration des relations fraternelles, historiques, multidimensionnelles des deux \u00c9tats et des deux peuples maghr\u00e9bins fr\u00e8res \u00bb.<\/p>\n<p>Le Pr\u00e9sident de la Commission appelle les dirigeants des deux pays \u00e0 \u00ab s&rsquo;abstenir de tout acte de nature \u00e0 inciter \u00e0 l&rsquo;escalade \u00bb, les appelant \u00e0 s&rsquo;engager \u00ab r\u00e9solument \u00bb dans une logique de \u00ab paix et de coop\u00e9ration fructueuse dans les int\u00e9r\u00eats bien compris des deux peoples \u00bb.<\/p>\n<p>Il r\u00e9it\u00e8re l&rsquo;enti\u00e8re disponibilit\u00e9 de l&rsquo;UA \u00e0 \u00ab promouvoir toute initiative en vue de la reprise de leurs relations fraternelles au service de la paix et la prosp\u00e9rit\u00e9 au Maghreb et en Afrique \u00bb, conclut le communiqu\u00e9.<\/p>\n<p>L&rsquo;Alg\u00e9rie a d\u00e9cid\u00e9 mardi de rompre ses relations diplomatiques avec Rabat avec effet imm\u00e9diat. \u00ab L&rsquo;Alg\u00e9rie a d\u00e9cid\u00e9 de rompre les relations diplomatiques avec le royaume du Maroc \u00e0 partir de ce jour \u00bb en raison d&rsquo; \u00ab actions hostiles \u00bb du Royaume \u00e0 l&rsquo;\u00e9gard de son pays, a annonc\u00e9 le ministre alg\u00e9rien des Affaires \u00e9trang\u00e8res, Ramtane Lamamra, lors d&rsquo;une conf\u00e9rence de presse au cours de laquelle il a lu une d\u00e9claration au nom du pr\u00e9sident alg\u00e9rien.<\/p>\n<p>Dans sa r\u00e9action, Rabat a \u00ab pris note de la d\u00e9cision unilat\u00e9rale des autorit\u00e9s alg\u00e9riennes, de rompre, \u00e0 partir de ce jour, les relations diplomatiques avec le Maroc \u00bb, a indiqu\u00e9 le minist\u00e8re marocain des Affaires \u00e9trang\u00e8res.<\/p>\n<p>\u00ab Le Maroc regrette cette d\u00e9cision compl\u00e9tement injustifi\u00e9e mais attendue \u2013 au regard de la logique d&rsquo;escalade constat\u00e9e ces derni\u00e8res semaines \u2013 ainsi que son impact sur le peuple alg\u00e9rien \u00bb, a soulign\u00e9 le minist\u00e8re.<\/p>\n<p>Le Royaume rejette \u00ab cat\u00e9goriquement les pr\u00e9textes fallacieux, voire absurdes, qui la sous-tendent \u00bb, ajoute-t-on.<\/p>\n<p>\u00ab Quant \u00e0 lui, le Royaume du Maroc restera un partenaire cr\u00e9dible et loyal pour le peuple alg\u00e9rien et continuera d&rsquo;agir, avec sagesse et responsabilit\u00e9, pour le d\u00e9veloppement de relations intermaghr\u00e9bines saines et fructueuses \u00bb, a conclu la m\u00eame source.<\/p>\n<p>Cet article <a rel=\"nofollow\" href=\"https:\/\/www.journalducameroun.com\/la-cua-appelle-le-maroc-et-lalgerie-a-sabstenir-de-tout-acte-de-nature-a-inciter-a-lescalade\/\">La CUA appelle le Maroc et l\u2019Alg\u00e9rie \u00e0 s\u2019abstenir de tout acte de nature \u00e0 inciter \u00e0 l\u2019escalade<\/a> est apparu en premier sur <a rel=\"nofollow\" href=\"https:\/\/www.journalducameroun.com\/\">Journal du Cameroun<\/a>.<\/p>\n<\/div>\n<p>Auteur: APA News<br \/>\n<a href=\"https:\/\/www.journalducameroun.com\/la-cua-appelle-le-maroc-et-lalgerie-a-sabstenir-de-tout-acte-de-nature-a-inciter-a-lescalade\/\">Cliquez ici pour lire l&rsquo;article depuis sa source.<\/a><\/p>\n","protected":false},"excerpt":{"rendered":"<p>Le Pr\u00e9sident de la Commission de l&rsquo;Union africaine (CUA), Moussa Faki Mahamat, a exprim\u00e9 son profond regret la rupture des relations diplomatiques entre l&rsquo;Alg\u00e9rie et le Maroc, pays piliers de l&rsquo;UA.Dans un communiqu\u00e9 publi\u00e9 ce jeudi, M. Moussa Faki, d\u00e9plore \u00ab toute d\u00e9t\u00e9rioration des relations fraternelles, historiques, multidimensionnelles des deux \u00c9tats et des deux peuples [&hellip;]<\/p>\n","protected":false},"author":1965,"featured_media":0,"comment_status":"closed","ping_status":"closed","sticky":false,"template":"","format":"standard","meta":{"fifu_image_url":"https:\/\/www.journalducameroun.com\/wp-content\/uploads\/2021\/08\/16300018812464.jpg","fifu_image_alt":"La CUA appelle le Maroc et l\u2019Alg\u00e9rie \u00e0 s\u2019abstenir de tout acte de nature \u00e0 inciter \u00e0 l\u2019escalade","footnotes":""},"categories":[73,82],"tags":[],"class_list":["post-125267","post","type-post","status-publish","format-standard","hentry","category-actualite","category-cameroun"],"_links":{"self":[{"href":"https:\/\/linitiative.ca\/International\/wp-json\/wp\/v2\/posts\/125267","targetHints":{"allow":["GET"]}}],"collection":[{"href":"https:\/\/linitiative.ca\/International\/wp-json\/wp\/v2\/posts"}],"about":[{"href":"https:\/\/linitiative.ca\/International\/wp-json\/wp\/v2\/types\/post"}],"author":[{"embeddable":true,"href":"https:\/\/linitiative.ca\/International\/wp-json\/wp\/v2\/users\/1965"}],"replies":[{"embeddable":true,"href":"https:\/\/linitiative.ca\/International\/wp-json\/wp\/v2\/comments?post=125267"}],"version-history":[{"count":0,"href":"https:\/\/linitiative.ca\/International\/wp-json\/wp\/v2\/posts\/125267\/revisions"}],"wp:attachment":[{"href":"https:\/\/linitiative.ca\/International\/wp-json\/wp\/v2\/media?parent=125267"}],"wp:term":[{"taxonomy":"category","embeddable":true,"href":"https:\/\/linitiative.ca\/International\/wp-json\/wp\/v2\/categories?post=125267"},{"taxonomy":"post_tag","embeddable":true,"href":"https:\/\/linitiative.ca\/International\/wp-json\/wp\/v2\/tags?post=125267"}],"curies":[{"name":"wp","href":"https:\/\/api.w.org\/{rel}","templated":true}]}}