{"id":125269,"date":"2021-08-26T14:54:43","date_gmt":"2021-08-26T18:54:43","guid":{"rendered":"https:\/\/linitiative.ca\/International\/cameroun-proces-contre-le-maintien-illegal-en-fonction-de-18-dg-de-societes-publiques-le-7-septembre-2021\/"},"modified":"2021-08-26T14:54:43","modified_gmt":"2021-08-26T18:54:43","slug":"cameroun-proces-contre-le-maintien-illegal-en-fonction-de-18-dg-de-societes-publiques-le-7-septembre-2021","status":"publish","type":"post","link":"https:\/\/linitiative.ca\/International\/cameroun-proces-contre-le-maintien-illegal-en-fonction-de-18-dg-de-societes-publiques-le-7-septembre-2021\/","title":{"rendered":"Cameroun : proc\u00e8s contre le maintien ill\u00e9gal en fonction de 18 DG de soci\u00e9t\u00e9s publiques le 7 septembre 2021"},"content":{"rendered":"<div>\n<p><img loading=\"lazy\" decoding=\"async\" width=\"780\" height=\"440\" src=\"https:\/\/linitiative.ca\/International\/wp-content\/uploads\/sites\/23\/2021\/08\/ClC3A9ment-Atangana-1.jpeg\" class=\"attachment-post-thumbnail size-post-thumbnail wp-post-image\" alt=\"\" srcset=\"https:\/\/linitiative.ca\/International\/wp-content\/uploads\/sites\/23\/2021\/08\/ClC3A9ment-Atangana-1.jpeg 780w, https:\/\/www.journalducameroun.com\/wp-content\/uploads\/2018\/10\/Cl\u00e9ment-Atangana-1-300x169.jpeg 300w, https:\/\/www.journalducameroun.com\/wp-content\/uploads\/2018\/10\/Cl\u00e9ment-Atangana-1-768x433.jpeg 768w, https:\/\/www.journalducameroun.com\/wp-content\/uploads\/2018\/10\/Cl\u00e9ment-Atangana-1-600x338.jpeg 600w, https:\/\/www.journalducameroun.com\/wp-content\/uploads\/2018\/10\/Cl\u00e9ment-Atangana-1-380x215.jpeg 380w, https:\/\/www.journalducameroun.com\/wp-content\/uploads\/2018\/10\/Cl\u00e9ment-Atangana-1-160x90.jpeg 160w, https:\/\/www.journalducameroun.com\/wp-content\/uploads\/2018\/10\/Cl\u00e9ment-Atangana-1-240x135.jpeg 240w\" sizes=\"auto, (max-width: 780px) 100vw, 780px\"><\/p>\n<h5 style=\"text-align: justify;\"><span style=\"font-size: 14pt;\">Le Conseil constitutionnel doit dire sur le maintien en fonction de plusieurs Directeurs g\u00e9n\u00e9raux et adjoints \u00a0au-del\u00e0 de la limite de leurs mandats.<\/span><\/h5>\n<p style=\"text-align: justify;\"><span style=\"font-size: 14pt;\">Les DG des soci\u00e9t\u00e9s publiques sont nomm\u00e9s par le pr\u00e9sident de la R\u00e9publique pour un mandat de trois ans renouvelable deux fois. Soit maximum 9 ans. Mais, le leader du Front des d\u00e9mocrates camerounais (<em><strong>FDC<\/strong><\/em>) constate que 18 Directeurs g\u00e9n\u00e9raux ont d\u00e9pass\u00e9s la limite de temps pr\u00e9vu \u00e0 leurs fonctions. Denis Emilien Atangana a saisi le Conseil Constitutionnel par une requ\u00eate. Ce 26 ao\u00fbt 2021, l\u2019instance en charge de veiller au respect de la constitution programme l\u2019audience y relative le 7 septembre 2020.<\/span><\/p>\n<p style=\"text-align: justify;\"><span style=\"font-size: 14pt;\">Le FDC invite le Pr\u00e9sident du Conseil Constitutionnel \u00e0 sommer le Pr\u00e9sident de la R\u00e9publique et les Conseils d\u2019administration mettre fin aux fonctions de 18 Directeurs G\u00e9n\u00e9raux et Adjoints des entreprises publiques ayant expir\u00e9 leurs mandats de 9 ans selon la loi 2017\/011 du 12 juillet 2017 sur les \u00e9tablissements publics.<\/span><\/p>\n<p style=\"text-align: justify;\"><span style=\"font-size: 14pt;\">Ci-dessous la liste des 18 DG vis\u00e9s par la requ\u00eate du leader du FDC\u00a0:<\/span><\/p>\n<p style=\"text-align: justify;\"><img loading=\"lazy\" decoding=\"async\" class=\"alignnone wp-image-393355 size-full\" src=\"https:\/\/linitiative.ca\/International\/wp-content\/uploads\/sites\/23\/2021\/08\/DG-illC3A9gaux-selon-le-FDC.jpg\" alt=\"\" width=\"693\" height=\"960\"><\/p>\n<p style=\"text-align: justify;\">\n<p>Cet article <a rel=\"nofollow\" href=\"https:\/\/www.journalducameroun.com\/cameroun-proces-contre-le-maintien-illegal-en-fonction-de-18-dg-de-societes-publiques-le-7-septembre-2021\/\">Cameroun : proc\u00e8s contre le maintien ill\u00e9gal en fonction de 18 DG de soci\u00e9t\u00e9s publiques le 7 septembre 2021<\/a> est apparu en premier sur <a rel=\"nofollow\" href=\"https:\/\/www.journalducameroun.com\/\">Journal du Cameroun<\/a>.<\/p>\n<\/div>\n<p>Auteur: Christian DJIMADEU<br \/>\n<a href=\"https:\/\/www.journalducameroun.com\/cameroun-proces-contre-le-maintien-illegal-en-fonction-de-18-dg-de-societes-publiques-le-7-septembre-2021\/\">Cliquez ici pour lire l&rsquo;article depuis sa source.<\/a><\/p>\n","protected":false},"excerpt":{"rendered":"<p>Le Conseil constitutionnel doit dire sur le maintien en fonction de plusieurs Directeurs g\u00e9n\u00e9raux et adjoints \u00a0au-del\u00e0 de la limite de leurs mandats. Les DG des soci\u00e9t\u00e9s publiques sont nomm\u00e9s par le pr\u00e9sident de la R\u00e9publique pour un mandat de trois ans renouvelable deux fois. Soit maximum 9 ans. Mais, le leader du Front des [&hellip;]<\/p>\n","protected":false},"author":1965,"featured_media":0,"comment_status":"closed","ping_status":"closed","sticky":false,"template":"","format":"standard","meta":{"fifu_image_url":"https:\/\/www.journalducameroun.com\/wp-content\/uploads\/2018\/10\/Cl\u00e9ment-Atangana-1.jpeg","fifu_image_alt":"Cameroun : proc\u00e8s contre le maintien ill\u00e9gal en fonction de 18 DG de soci\u00e9t\u00e9s publiques le 7 septembre 2021","footnotes":""},"categories":[73,82],"tags":[],"class_list":["post-125269","post","type-post","status-publish","format-standard","hentry","category-actualite","category-cameroun"],"_links":{"self":[{"href":"https:\/\/linitiative.ca\/International\/wp-json\/wp\/v2\/posts\/125269","targetHints":{"allow":["GET"]}}],"collection":[{"href":"https:\/\/linitiative.ca\/International\/wp-json\/wp\/v2\/posts"}],"about":[{"href":"https:\/\/linitiative.ca\/International\/wp-json\/wp\/v2\/types\/post"}],"author":[{"embeddable":true,"href":"https:\/\/linitiative.ca\/International\/wp-json\/wp\/v2\/users\/1965"}],"replies":[{"embeddable":true,"href":"https:\/\/linitiative.ca\/International\/wp-json\/wp\/v2\/comments?post=125269"}],"version-history":[{"count":0,"href":"https:\/\/linitiative.ca\/International\/wp-json\/wp\/v2\/posts\/125269\/revisions"}],"wp:attachment":[{"href":"https:\/\/linitiative.ca\/International\/wp-json\/wp\/v2\/media?parent=125269"}],"wp:term":[{"taxonomy":"category","embeddable":true,"href":"https:\/\/linitiative.ca\/International\/wp-json\/wp\/v2\/categories?post=125269"},{"taxonomy":"post_tag","embeddable":true,"href":"https:\/\/linitiative.ca\/International\/wp-json\/wp\/v2\/tags?post=125269"}],"curies":[{"name":"wp","href":"https:\/\/api.w.org\/{rel}","templated":true}]}}