{"id":125272,"date":"2021-08-26T15:46:17","date_gmt":"2021-08-26T19:46:17","guid":{"rendered":"https:\/\/linitiative.ca\/International\/cameroun-ferdinand-ngoh-ngoh-rehabilite-un-fonctionnaire-revoque-par-manaouda-malachie\/"},"modified":"2021-08-26T15:46:17","modified_gmt":"2021-08-26T19:46:17","slug":"cameroun-ferdinand-ngoh-ngoh-rehabilite-un-fonctionnaire-revoque-par-manaouda-malachie","status":"publish","type":"post","link":"https:\/\/linitiative.ca\/International\/cameroun-ferdinand-ngoh-ngoh-rehabilite-un-fonctionnaire-revoque-par-manaouda-malachie\/","title":{"rendered":"Cameroun : Ferdinand Ngoh Ngoh r\u00e9habilite un fonctionnaire r\u00e9voqu\u00e9 par Manaouda Malachie"},"content":{"rendered":"<div>\n<p><img loading=\"lazy\" decoding=\"async\" width=\"1280\" height=\"720\" src=\"https:\/\/linitiative.ca\/International\/wp-content\/uploads\/sites\/23\/2021\/08\/Ferdinand-Ngoh-Ngoh-SGPR-C3A0-gauche-Manaoud-Malachie-MinsantC3A9-C3A0-droite..jpg\" class=\"attachment-post-thumbnail size-post-thumbnail wp-post-image\" alt=\"\" srcset=\"https:\/\/linitiative.ca\/International\/wp-content\/uploads\/sites\/23\/2021\/08\/Ferdinand-Ngoh-Ngoh-SGPR-C3A0-gauche-Manaoud-Malachie-MinsantC3A9-C3A0-droite..jpg 1280w, https:\/\/www.journalducameroun.com\/wp-content\/uploads\/2021\/08\/Ferdinand-Ngoh-Ngoh-SGPR-\u00e0-gauche-Manaoud-Malachie-Minsant\u00e9-\u00e0-droite.-300x169.jpg 300w, https:\/\/www.journalducameroun.com\/wp-content\/uploads\/2021\/08\/Ferdinand-Ngoh-Ngoh-SGPR-\u00e0-gauche-Manaoud-Malachie-Minsant\u00e9-\u00e0-droite.-768x432.jpg 768w, https:\/\/www.journalducameroun.com\/wp-content\/uploads\/2021\/08\/Ferdinand-Ngoh-Ngoh-SGPR-\u00e0-gauche-Manaoud-Malachie-Minsant\u00e9-\u00e0-droite.-1024x576.jpg 1024w, https:\/\/www.journalducameroun.com\/wp-content\/uploads\/2021\/08\/Ferdinand-Ngoh-Ngoh-SGPR-\u00e0-gauche-Manaoud-Malachie-Minsant\u00e9-\u00e0-droite.-780x440.jpg 780w, https:\/\/www.journalducameroun.com\/wp-content\/uploads\/2021\/08\/Ferdinand-Ngoh-Ngoh-SGPR-\u00e0-gauche-Manaoud-Malachie-Minsant\u00e9-\u00e0-droite.-380x215.jpg 380w, https:\/\/www.journalducameroun.com\/wp-content\/uploads\/2021\/08\/Ferdinand-Ngoh-Ngoh-SGPR-\u00e0-gauche-Manaoud-Malachie-Minsant\u00e9-\u00e0-droite.-160x90.jpg 160w, https:\/\/www.journalducameroun.com\/wp-content\/uploads\/2021\/08\/Ferdinand-Ngoh-Ngoh-SGPR-\u00e0-gauche-Manaoud-Malachie-Minsant\u00e9-\u00e0-droite.-240x135.jpg 240w, https:\/\/www.journalducameroun.com\/wp-content\/uploads\/2021\/08\/Ferdinand-Ngoh-Ngoh-SGPR-\u00e0-gauche-Manaoud-Malachie-Minsant\u00e9-\u00e0-droite.-782x440.jpg 782w, https:\/\/www.journalducameroun.com\/wp-content\/uploads\/2021\/08\/Ferdinand-Ngoh-Ngoh-SGPR-\u00e0-gauche-Manaoud-Malachie-Minsant\u00e9-\u00e0-droite.-600x338.jpg 600w\" sizes=\"auto, (max-width: 1280px) 100vw, 1280px\"><\/p>\n<h5 style=\"text-align: justify;\"><span style=\"font-size: 14pt;\">Sur la base de l\u2019audit du projet m\u00e9dical Mercy-Ships, le ministre d\u2019Etat, Secr\u00e9taire g\u00e9n\u00e9ral \u00e0 la pr\u00e9sidence de la R\u00e9publique vole au secours d\u2019un cadre contractuel d\u2019Administration, relev\u00e9 de ses fonctions par le ministre de la Sant\u00e9 publique.<\/span><\/h5>\n<p style=\"text-align: justify;\">\n<p style=\"text-align: justify;\"><span style=\"font-size: 14pt;\"><strong>NOMO Martin<\/strong>, avait \u00e9t\u00e9 relev\u00e9 de ses fonctions pour manquement \u00e0 l&rsquo;\u00e9thique et \u00e0 la d\u00e9ontologie administrative dans le cadre du projet <strong>Mercy-Ships<\/strong> et de la riposte contre le chol\u00e9ra. Le rapport du ministre des Finances, <strong>Louis Paul Motaze<\/strong>, sur la gestion des fonds mis \u00e0 la disposition de M. NOMO Martin, l\u2019innocente.<\/span><\/p>\n<p style=\"text-align: justify;\"><span style=\"font-size: 14pt;\">Le 4 ao\u00fbt 2021, <strong>Ferdinand Ngoh Ngoh<\/strong>, le ministre d\u2019Etat, Secr\u00e9taire g\u00e9n\u00e9ral \u00e0 la pr\u00e9sidence de la R\u00e9publique a saisi<strong> S\u00e9raphin Magloire Fouda<\/strong>, Secr\u00e9taire g\u00e9n\u00e9ral de services du Premier ministre pour ordonner le r\u00e9tablissement de l&rsquo;int\u00e9ress\u00e9 dans ses droits, sa gestion ayant \u00e9t\u00e9 reconnue conforme \u00e0 la r\u00e8glementation. En liaison, pr\u00e9cise-t-il, avec les ministres charg\u00e9s de la sant\u00e9, de la fonction publique et des finances.<\/span><\/p>\n<p style=\"text-align: justify;\"><span style=\"font-size: 14pt;\">Il importe de rappeler que l\u2019ONG Mercy Ships a effectu\u00e9 deux actions humanitaires en faveur du Cameroun. D\u2019abord une mission humanitaire de dix mois au Cameroun \u00e0 compter du mois d\u2019ao\u00fbt 2017 avec son navire-h\u00f4pital, et avait proc\u00e9d\u00e9 \u00e0 plusieurs op\u00e9rations chirurgicales. Mission qui aura \u00e9t\u00e9 b\u00e9n\u00e9fique pour les populations et le personnel de sant\u00e9. En mai dernier, l\u2019ONG a transmis au pays un important don en mat\u00e9riels m\u00e9dicaux en partenariat avec la <strong>Fondation Mediterranean Shipping Company<\/strong> (MSC). Constitu\u00e9 notamment des \u00e9quipements de protection individuelle (EPI) au b\u00e9n\u00e9fice des personnels de sant\u00e9 engag\u00e9s dans la lutte contre le <strong>Covid-19<\/strong>. Soit au total 74300 pi\u00e8ces d\u2019une valeur de 57.680.980 FCFA.<\/span><\/p>\n<p>Cet article <a rel=\"nofollow\" href=\"https:\/\/www.journalducameroun.com\/cameroun-ferdinand-ngoh-ngoh-rehabilite-un-fonctionnaire-revoque-par-manaouda-malachie-cameroun\/\">Cameroun : Ferdinand Ngoh Ngoh r\u00e9habilite un fonctionnaire r\u00e9voqu\u00e9 par Manaouda Malachie<\/a> est apparu en premier sur <a rel=\"nofollow\" href=\"https:\/\/www.journalducameroun.com\/\">Journal du Cameroun<\/a>.<\/p>\n<\/div>\n<p>Auteur: Christian DJIMADEU<br \/>\n<a href=\"https:\/\/www.journalducameroun.com\/cameroun-ferdinand-ngoh-ngoh-rehabilite-un-fonctionnaire-revoque-par-manaouda-malachie-cameroun\/\">Cliquez ici pour lire l&rsquo;article depuis sa source.<\/a><\/p>\n","protected":false},"excerpt":{"rendered":"<p>Sur la base de l\u2019audit du projet m\u00e9dical Mercy-Ships, le ministre d\u2019Etat, Secr\u00e9taire g\u00e9n\u00e9ral \u00e0 la pr\u00e9sidence de la R\u00e9publique vole au secours d\u2019un cadre contractuel d\u2019Administration, relev\u00e9 de ses fonctions par le ministre de la Sant\u00e9 publique. NOMO Martin, avait \u00e9t\u00e9 relev\u00e9 de ses fonctions pour manquement \u00e0 l&rsquo;\u00e9thique et \u00e0 la d\u00e9ontologie administrative [&hellip;]<\/p>\n","protected":false},"author":1965,"featured_media":0,"comment_status":"closed","ping_status":"closed","sticky":false,"template":"","format":"standard","meta":{"fifu_image_url":"https:\/\/www.journalducameroun.com\/wp-content\/uploads\/2021\/08\/Ferdinand-Ngoh-Ngoh-SGPR-\u00e0-gauche-Manaoud-Malachie-Minsant\u00e9-\u00e0-droite..jpg","fifu_image_alt":"Cameroun : Ferdinand Ngoh Ngoh r\u00e9habilite un fonctionnaire r\u00e9voqu\u00e9 par Manaouda Malachie","footnotes":""},"categories":[73,82],"tags":[],"class_list":["post-125272","post","type-post","status-publish","format-standard","hentry","category-actualite","category-cameroun"],"_links":{"self":[{"href":"https:\/\/linitiative.ca\/International\/wp-json\/wp\/v2\/posts\/125272","targetHints":{"allow":["GET"]}}],"collection":[{"href":"https:\/\/linitiative.ca\/International\/wp-json\/wp\/v2\/posts"}],"about":[{"href":"https:\/\/linitiative.ca\/International\/wp-json\/wp\/v2\/types\/post"}],"author":[{"embeddable":true,"href":"https:\/\/linitiative.ca\/International\/wp-json\/wp\/v2\/users\/1965"}],"replies":[{"embeddable":true,"href":"https:\/\/linitiative.ca\/International\/wp-json\/wp\/v2\/comments?post=125272"}],"version-history":[{"count":0,"href":"https:\/\/linitiative.ca\/International\/wp-json\/wp\/v2\/posts\/125272\/revisions"}],"wp:attachment":[{"href":"https:\/\/linitiative.ca\/International\/wp-json\/wp\/v2\/media?parent=125272"}],"wp:term":[{"taxonomy":"category","embeddable":true,"href":"https:\/\/linitiative.ca\/International\/wp-json\/wp\/v2\/categories?post=125272"},{"taxonomy":"post_tag","embeddable":true,"href":"https:\/\/linitiative.ca\/International\/wp-json\/wp\/v2\/tags?post=125272"}],"curies":[{"name":"wp","href":"https:\/\/api.w.org\/{rel}","templated":true}]}}