{"id":125274,"date":"2021-08-26T16:18:01","date_gmt":"2021-08-26T20:18:01","guid":{"rendered":"https:\/\/linitiative.ca\/International\/edouard-mendy-meilleur-gardien-de-la-ligue-europeenne-des-champions\/"},"modified":"2021-08-26T16:18:01","modified_gmt":"2021-08-26T20:18:01","slug":"edouard-mendy-meilleur-gardien-de-la-ligue-europeenne-des-champions","status":"publish","type":"post","link":"https:\/\/linitiative.ca\/International\/edouard-mendy-meilleur-gardien-de-la-ligue-europeenne-des-champions\/","title":{"rendered":"Edouard Mendy, meilleur gardien de la Ligue europ\u00e9enne des champions"},"content":{"rendered":"<div>\n<p><img loading=\"lazy\" decoding=\"async\" width=\"1080\" height=\"1080\" src=\"https:\/\/linitiative.ca\/International\/wp-content\/uploads\/sites\/23\/2021\/08\/16300090824832.jpg\" class=\"attachment-post-thumbnail size-post-thumbnail wp-post-image\" alt=\"\" srcset=\"https:\/\/linitiative.ca\/International\/wp-content\/uploads\/sites\/23\/2021\/08\/16300090824832.jpg 1080w, https:\/\/www.journalducameroun.com\/wp-content\/uploads\/2021\/08\/16300090824832-150x150.jpg 150w, https:\/\/www.journalducameroun.com\/wp-content\/uploads\/2021\/08\/16300090824832-300x300.jpg 300w, https:\/\/www.journalducameroun.com\/wp-content\/uploads\/2021\/08\/16300090824832-768x768.jpg 768w, https:\/\/www.journalducameroun.com\/wp-content\/uploads\/2021\/08\/16300090824832-1024x1024.jpg 1024w, https:\/\/www.journalducameroun.com\/wp-content\/uploads\/2021\/08\/16300090824832-440x440.jpg 440w, https:\/\/www.journalducameroun.com\/wp-content\/uploads\/2021\/08\/16300090824832-60x60.jpg 60w, https:\/\/www.journalducameroun.com\/wp-content\/uploads\/2021\/08\/16300090824832-100x100.jpg 100w, https:\/\/www.journalducameroun.com\/wp-content\/uploads\/2021\/08\/16300090824832-600x600.jpg 600w\" sizes=\"auto, (max-width: 1080px) 100vw, 1080px\"><\/p>\n<p>L&rsquo;international s\u00e9n\u00e9galais r\u00e9colte les fruits de sa brillante premi\u00e8re participation \u00e0 la plus grande comp\u00e9tition interclubs.Dans la confr\u00e9rie des gardiens de but, Edouard Mendy s&rsquo;est construit une solide r\u00e9putation \u00e0 une vitesse \u00e9clair. Au ch\u00f4mage en 2014, l&rsquo;imposant portier a gagn\u00e9 sa place au soleil en Premier League, le championnat anglais o\u00f9 rien ne se donne.<\/p>\n<p>Avec Chelsea FC, club de Londres, Edouard Mendy a march\u00e9 sur l&rsquo;Europe en s&rsquo;adjugeant la Coupe aux grandes oreilles au d\u00e9triment de Manchester City. Dans les cages des Blues, l&rsquo;athl\u00e8te de 29 ans a boucl\u00e9 neuf matchs sur douze sans encaisser le moindre but.<\/p>\n<p>Une campagne de haute vol\u00e9e que l&rsquo;Union des associations europ\u00e9ennes de football (Uefa) a sanctionn\u00e9e ce jeudi par le titre de meilleur gardien de la C1 pour la saison 2020\/2021.<\/p>\n<p>Oppos\u00e9 \u00e0 Villareal, en finale de la Supercoupe d&rsquo;Europe, Chelsea s&rsquo;est \u00e9galement impos\u00e9 aux tirs au but. Un autre triomphe d&rsquo;Edouard Mendy plus que jamais favori pour le troph\u00e9e de meilleur joueur africain de l&rsquo;ann\u00e9e.<\/p>\n<p>Cet article <a rel=\"nofollow\" href=\"https:\/\/www.journalducameroun.com\/edouard-mendy-meilleur-gardien-de-la-ligue-europeenne-des-champions\/\">Edouard Mendy, meilleur gardien de la Ligue europ\u00e9enne des champions<\/a> est apparu en premier sur <a rel=\"nofollow\" href=\"https:\/\/www.journalducameroun.com\/\">Journal du Cameroun<\/a>.<\/p>\n<\/div>\n<p>Auteur: APA News<br \/>\n<a href=\"https:\/\/www.journalducameroun.com\/edouard-mendy-meilleur-gardien-de-la-ligue-europeenne-des-champions\/\">Cliquez ici pour lire l&rsquo;article depuis sa source.<\/a><\/p>\n","protected":false},"excerpt":{"rendered":"<p>L&rsquo;international s\u00e9n\u00e9galais r\u00e9colte les fruits de sa brillante premi\u00e8re participation \u00e0 la plus grande comp\u00e9tition interclubs.Dans la confr\u00e9rie des gardiens de but, Edouard Mendy s&rsquo;est construit une solide r\u00e9putation \u00e0 une vitesse \u00e9clair. Au ch\u00f4mage en 2014, l&rsquo;imposant portier a gagn\u00e9 sa place au soleil en Premier League, le championnat anglais o\u00f9 rien ne se [&hellip;]<\/p>\n","protected":false},"author":1965,"featured_media":0,"comment_status":"closed","ping_status":"closed","sticky":false,"template":"","format":"standard","meta":{"fifu_image_url":"https:\/\/www.journalducameroun.com\/wp-content\/uploads\/2021\/08\/16300090824832.jpg","fifu_image_alt":"Edouard Mendy, meilleur gardien de la Ligue europ\u00e9enne des champions","footnotes":""},"categories":[73,82],"tags":[],"class_list":["post-125274","post","type-post","status-publish","format-standard","hentry","category-actualite","category-cameroun"],"_links":{"self":[{"href":"https:\/\/linitiative.ca\/International\/wp-json\/wp\/v2\/posts\/125274","targetHints":{"allow":["GET"]}}],"collection":[{"href":"https:\/\/linitiative.ca\/International\/wp-json\/wp\/v2\/posts"}],"about":[{"href":"https:\/\/linitiative.ca\/International\/wp-json\/wp\/v2\/types\/post"}],"author":[{"embeddable":true,"href":"https:\/\/linitiative.ca\/International\/wp-json\/wp\/v2\/users\/1965"}],"replies":[{"embeddable":true,"href":"https:\/\/linitiative.ca\/International\/wp-json\/wp\/v2\/comments?post=125274"}],"version-history":[{"count":0,"href":"https:\/\/linitiative.ca\/International\/wp-json\/wp\/v2\/posts\/125274\/revisions"}],"wp:attachment":[{"href":"https:\/\/linitiative.ca\/International\/wp-json\/wp\/v2\/media?parent=125274"}],"wp:term":[{"taxonomy":"category","embeddable":true,"href":"https:\/\/linitiative.ca\/International\/wp-json\/wp\/v2\/categories?post=125274"},{"taxonomy":"post_tag","embeddable":true,"href":"https:\/\/linitiative.ca\/International\/wp-json\/wp\/v2\/tags?post=125274"}],"curies":[{"name":"wp","href":"https:\/\/api.w.org\/{rel}","templated":true}]}}