{"id":125277,"date":"2021-08-26T12:07:43","date_gmt":"2021-08-26T16:07:43","guid":{"rendered":"https:\/\/linitiative.ca\/International\/dette-interieure-letat-et-hysacam-saccordent-sur-un-calendrier-de-paiement-des-arrieres\/"},"modified":"2021-08-26T12:07:43","modified_gmt":"2021-08-26T16:07:43","slug":"dette-interieure-letat-et-hysacam-saccordent-sur-un-calendrier-de-paiement-des-arrieres","status":"publish","type":"post","link":"https:\/\/linitiative.ca\/International\/dette-interieure-letat-et-hysacam-saccordent-sur-un-calendrier-de-paiement-des-arrieres\/","title":{"rendered":"Dette int\u00e9rieure : l\u2019Etat et Hysacam s\u2019accordent sur un calendrier de paiement des arri\u00e9r\u00e9s"},"content":{"rendered":"<div>\n<p>\u00abNous faisons des efforts pour payer progressivement la dette d\u2019Hysacam. Un Calendrier a \u00e9t\u00e9 \u00e9tabli pour des r\u00e8glements r\u00e9guliers de cette ardoise\u2026.\u00bb, s\u2019exprimait ce 20 ao\u00fbt 2021 le Dr. Roger Mbassa Ndine, le Maire de Douala \u00e0 l\u2019occasion de la c\u00e9r\u00e9monie de pr\u00e9sentation de 100 camions nouvellement acquis par l\u2019entreprise Hysacam (Hygi\u00e8ne et Salubrit\u00e9 du Cameroun). Une r\u00e9ponse aux propos de Michel Ngapanoun, le Pr\u00e9sident directeur g\u00e9n\u00e9ral d\u2019Hysacam, qui \u00e0 la m\u00eame occasion, se f\u00e9licitait de l\u2019\u00e9volution satisfaisante du paiement des arri\u00e9r\u00e9s de prestations dues par la Communaut\u00e9 urbaine de Douala \u00e0 Hysacam : \u00abpermettez-moi d\u2019insister enfin sur le fait que le moteur de cette dynamique repose sur le paiement r\u00e9gulier de nos prestations. C\u2019est le lieu pour moi de saluer la mise en place par vos soins d\u2019un calendrier de paiement qui nous permettra de relever ce challenge\u00bb, faisait observer ce dernier.<\/p>\n<p><strong>Lire aussi<\/strong> : <strong><a href=\"https:\/\/ecomatin.net\/hysacam-debloque-12-milliards-de-fcfa-pour-acquerir-100-nouveaux-camions\/\">Hysacm d\u00e9bloque 12 milliards d Fcfa pour acqu\u00e9rir 100 nouveaux camions<\/a><\/strong><\/p>\n<p>Ces \u00e9changes caract\u00e9risent n\u00e9anmoins les tensions de tr\u00e9sorerie entre l\u2019entreprise en charge de la collecte et le traitement des d\u00e9chets m\u00e9nagers et ses partenaires: l\u2019Etat central et les collectivit\u00e9s territoriales d\u00e9centralis\u00e9es, particuli\u00e8rement. D\u00e9but 2021, la dette cumul\u00e9e de l\u2019Etat et des villes camerounaises, partenaires d\u2019Hysacam s\u2019\u00e9l\u00e8vait, \u00e0 20,6 milliards de FCFA. \u00abIl faut noter que sur l\u2019ann\u00e9e 2020, l\u2019Etat a fait quelques efforts. Mais les arri\u00e9r\u00e9s des ann\u00e9es pr\u00e9c\u00e9dentes persistent\u00bb, indique une source proche de ce dossier au sein de l\u2019entreprise Hysacam. Concernant la dette des collectivit\u00e9s territoriales d\u00e9centralis\u00e9es (Douala, Yaound\u00e9, Garoua, Bafoussam, d\u2019Ebolowa, Bertoua, Kribi, Ed\u00e9a, Limbe, Bamenda, Kumba, Sangm\u00e9lima, Buea, Meyomessala, Bangangt\u00e9, Bangou), contrepartie de la collecte, du transport, et du traitement des d\u00e9chets r\u00e9alis\u00e9s par Hysacam, elle se situait \u00e0 environ 10 milliards de FCFA fin 2019 (\u00e9quivalent de 5 mois d\u2019arri\u00e9r\u00e9s de paiement de prestations, correspondant \u00e0 20% du chiffre d\u2019affaires d\u2019Hysacam).<\/p>\n<p><strong>Doutes<\/strong><\/p>\n<p>D\u2019apr\u00e8s le Dr. Roger Mbassa Ndine, \u00ables collectivit\u00e9s territoriales d\u00e9centralis\u00e9es ne peuvent supporter le paiement int\u00e9gral de ces prestations. Le gouvernement s\u2019acquitte \u00e0 hauteur des 2\/3 de cette facture\u00bb. L\u2019Etat \u00e0 travers le Minist\u00e8re de l\u2019habitat et du devet urbain (Minhdu) paie en effet 80% de ces factures. Chaque ville participe \u00e0 hauteur de 20%. \u00c0 Hysacam, on s\u2019inqui\u00e8te pourtant de ce montage financier : \u00abjusqu\u2019\u00e0 quand l\u2019Etat soutiendra-t-il les collectivit\u00e9s territoriales d\u00e9centralis\u00e9es ?\u00bb, interroge un cadre d\u2019Hysacam, sachant qu\u2019elle est endett\u00e9e aupr\u00e8s des banques de la place. Hysacam emploie 5000 agents dans ses 15 agences du Cameroun, et ses filiales au B\u00e9nin et au Liberia. Dot\u00e9e d\u2019un capital de 10 milliards de FCFA, l\u2019entreprise dispose de 600 camions, 100 v\u00e9hicules l\u00e9gers destin\u00e9s au contr\u00f4le de l\u2019activit\u00e9, et 50 engins lourds pour ses missions de collecte des d\u00e9chets.<\/p>\n<p><strong>Lire aussi<\/strong> : <strong><a href=\"https:\/\/ecomatin.net\/hysacam-va-ouvrir-de-nouvelles-filiales-a-letranger\/\">Hysacam va ouvrir de nouvelles filiales \u00e0 l\u2019\u00e9tranger<\/a><\/strong><\/p>\n<p>Avec 2 centrales de captage et de traitement du biogaz et plusieurs ateliers op\u00e9rationnels, Hysacam dispose d\u2019une capacit\u00e9 de collecte d\u2019ordures m\u00e9nag\u00e8res de 5000 tonnes\/jour. Et de traitement de 500 Teq Co2 quotidiennement. On \u00e9value \u00e0 10.000.000 d\u2019\u00e2mes, les personnes b\u00e9n\u00e9ficiant de ses prestations. Fond\u00e9e en 1969 par la famille Granjouan, Hysacam devient une filiale fran\u00e7aise Sita, avant sa compl\u00e8te nationalisation apr\u00e8s la reprise en 1995, de son capital par des actionnaires camerounais. Avec un chiffre d\u2019affaires annuel moyen de 34 milliards de FCFA, les responsables de l\u2019entreprise sont en r\u00e9alit\u00e9 dubitatifs sur le respect du calendrier consensuel de versement des montants impartis du fait de l\u2019am\u00e8re exp\u00e9rience sur les retards de versement pass\u00e9s.<\/p>\n<p><strong>Lire aussi<\/strong> : <strong><a href=\"https:\/\/ecomatin.net\/climat-social-regain-de-tension-entre-hysacam-et-ses-employes\/\">Climat social\u00a0: regain de tension entre Hysacam et ses employ\u00e9s<\/a><\/strong><\/p>\n<p>L\u2019article <a rel=\"nofollow\" href=\"https:\/\/ecomatin.net\/dette-interieure-letat-et-hysacam-saccordent-sur-un-calendrier-de-paiement-des-arrieres\/\">Dette int\u00e9rieure : l\u2019Etat et Hysacam s\u2019accordent sur un calendrier de paiement des arri\u00e9r\u00e9s<\/a> est apparu en premier sur <a rel=\"nofollow\" href=\"https:\/\/ecomatin.net\/\">EcoMatin<\/a>.<\/p>\n<\/div>\n<p>Auteur: Georges Semey<br \/>\n<a href=\"https:\/\/ecomatin.net\/dette-interieure-letat-et-hysacam-saccordent-sur-un-calendrier-de-paiement-des-arrieres\/\">Cliquez ici pour lire l&rsquo;article depuis sa source.<\/a><\/p>\n","protected":false},"excerpt":{"rendered":"<p>\u00abNous faisons des efforts pour payer progressivement la dette d\u2019Hysacam. Un Calendrier a \u00e9t\u00e9 \u00e9tabli pour des r\u00e8glements r\u00e9guliers de cette ardoise\u2026.\u00bb, s\u2019exprimait ce 20 ao\u00fbt 2021 le Dr. Roger Mbassa Ndine, le Maire de Douala \u00e0 l\u2019occasion de la c\u00e9r\u00e9monie de pr\u00e9sentation de 100 camions nouvellement acquis par l\u2019entreprise Hysacam (Hygi\u00e8ne et Salubrit\u00e9 du [&hellip;]<\/p>\n","protected":false},"author":1969,"featured_media":0,"comment_status":"closed","ping_status":"closed","sticky":false,"template":"","format":"standard","meta":{"fifu_image_url":"","fifu_image_alt":"","footnotes":""},"categories":[82,78],"tags":[],"class_list":["post-125277","post","type-post","status-publish","format-standard","hentry","category-cameroun","category-economie"],"_links":{"self":[{"href":"https:\/\/linitiative.ca\/International\/wp-json\/wp\/v2\/posts\/125277","targetHints":{"allow":["GET"]}}],"collection":[{"href":"https:\/\/linitiative.ca\/International\/wp-json\/wp\/v2\/posts"}],"about":[{"href":"https:\/\/linitiative.ca\/International\/wp-json\/wp\/v2\/types\/post"}],"author":[{"embeddable":true,"href":"https:\/\/linitiative.ca\/International\/wp-json\/wp\/v2\/users\/1969"}],"replies":[{"embeddable":true,"href":"https:\/\/linitiative.ca\/International\/wp-json\/wp\/v2\/comments?post=125277"}],"version-history":[{"count":0,"href":"https:\/\/linitiative.ca\/International\/wp-json\/wp\/v2\/posts\/125277\/revisions"}],"wp:attachment":[{"href":"https:\/\/linitiative.ca\/International\/wp-json\/wp\/v2\/media?parent=125277"}],"wp:term":[{"taxonomy":"category","embeddable":true,"href":"https:\/\/linitiative.ca\/International\/wp-json\/wp\/v2\/categories?post=125277"},{"taxonomy":"post_tag","embeddable":true,"href":"https:\/\/linitiative.ca\/International\/wp-json\/wp\/v2\/tags?post=125277"}],"curies":[{"name":"wp","href":"https:\/\/api.w.org\/{rel}","templated":true}]}}