{"id":125280,"date":"2021-08-26T13:54:24","date_gmt":"2021-08-26T17:54:24","guid":{"rendered":"https:\/\/linitiative.ca\/International\/souverainete-alimentaire-sabc-plaide-pour-la-production-locale\/"},"modified":"2021-08-26T13:54:24","modified_gmt":"2021-08-26T17:54:24","slug":"souverainete-alimentaire-sabc-plaide-pour-la-production-locale","status":"publish","type":"post","link":"https:\/\/linitiative.ca\/International\/souverainete-alimentaire-sabc-plaide-pour-la-production-locale\/","title":{"rendered":"Souverainet\u00e9 alimentaire : Sabc plaide pour la production locale"},"content":{"rendered":"<div>\n<p>Du 24 au 25 ao\u00fbt 2021, s\u2019est tenue la rencontre des entrepreneurs francophones (REF), en France. Celle-ci a vu la participation de plusieurs chefs d\u2019entreprises camerounais, conduit sous la coupole du pr\u00e9sident du Groupement Inter-Patronal du Cameroun (Gicam), C\u00e9lestin Tawamba. Les diff\u00e9rents \u00e9changes \u00e9taient orient\u00e9s sur la construction d\u2019une \u00e9conomie francophone.<\/p>\n<p><strong>Lire aussi<\/strong> : <strong><a href=\"https:\/\/ecomatin.net\/environnement-red-plast-et-sabc-recrutent-850-jeunes-pour-ramasser-650-tonnes-de-dechets\/\">Environnement Red-Plast et Sabc recrutent 850 jeunes pour ramasser 650 tonnes de d\u00e9chets<\/a><\/strong><\/p>\n<p>Emmanuel De Tailly, Directeur g\u00e9n\u00e9ral des Brasseries du Cameroun (Sabc) et par ailleurs vice-pr\u00e9sident du Groupement Inter-Patronal du Cameroun (Gicam), s\u2019est exprim\u00e9 dans le panel consacr\u00e9 \u00e0 la r\u00e9flexion sur la souverainet\u00e9 alimentaire dans l\u2019espace francophone le 24 ao\u00fbt 2021. Le vice-pr\u00e9sident du Gicam a indiqu\u00e9 au courant de la table ronde sectorielle que la \u00ab\u00a0crise du Covid nous oblige \u00e0 penser autrement et \u00e0 produire localement. La stabilit\u00e9 est un pr\u00e9alable. Le Covid nous a enseign\u00e9 cela : circuit court et \u00e9conomie circulaire, minimum d\u2019impacts environnementaux et maximum d\u2019impacts soci\u00e9taux et sociaux\u00a0\u00bb, a soulign\u00e9 le Dg qui n\u2019a pas manqu\u00e9 d\u2019indiquer par la m\u00eame occasion que le Cameroun a \u00e9t\u00e9 r\u00e9silient gr\u00e2ce \u00e0 son pilier agro-industriel en Afrique centrale. Il a relev\u00e9 par ailleurs, qu\u2019il faut des champions nationaux qui produisent et cr\u00e9ent de la valeur ajout\u00e9e.<\/p>\n<p><strong>Lire aussi<\/strong> : <strong><a href=\"https:\/\/ecomatin.net\/education-sabc-prime-lexcellence-scolaire-dans-deux-ecoles-primaires\/\">Education : Sabc prime l\u2019excellence scolaire dans deux \u00e9coles primaires<\/a><\/strong><\/p>\n<p>Pour le vice-pr\u00e9sident du Gicam\u00a0: \u00ab il faut aussi un accompagnement des Etats sur une fiscalit\u00e9 incitative relativement \u00e0 la consommation des mati\u00e8res premi\u00e8res. Cet accompagnement \u00e9tatique permettrait de r\u00e9sorber une partie de l\u2019impact ! Cet accompagnement compenserait le d\u00e9ficit de comp\u00e9titivit\u00e9 des mati\u00e8res premi\u00e8res africaines, moteur industriel et turbo agricole. On va y arriver \u00bb, conclu le Directeur g\u00e9n\u00e9ral des brasseries du Cameroun Emmanuel De Tailly.<\/p>\n<p><strong>Lire aussi<\/strong> : <strong><a href=\"https:\/\/ecomatin.net\/le-groupe-sabc-lance-ledition-2021-des-journees-citoyennes\/\">Le Groupe Sabc lance l\u2019\u00e9dition 2021 des journ\u00e9es citoyennes<\/a><\/strong><\/p>\n<p>L\u2019article <a rel=\"nofollow\" href=\"https:\/\/ecomatin.net\/souverainete-alimentaire-sabc-plaide-pour-la-production-locale\/\">Souverainet\u00e9 alimentaire : Sabc plaide pour la production locale<\/a> est apparu en premier sur <a rel=\"nofollow\" href=\"https:\/\/ecomatin.net\/\">EcoMatin<\/a>.<\/p>\n<\/div>\n<p>Auteur: Amina MALLOUM<br \/>\n<a href=\"https:\/\/ecomatin.net\/souverainete-alimentaire-sabc-plaide-pour-la-production-locale\/\">Cliquez ici pour lire l&rsquo;article depuis sa source.<\/a><\/p>\n","protected":false},"excerpt":{"rendered":"<p>Du 24 au 25 ao\u00fbt 2021, s\u2019est tenue la rencontre des entrepreneurs francophones (REF), en France. Celle-ci a vu la participation de plusieurs chefs d\u2019entreprises camerounais, conduit sous la coupole du pr\u00e9sident du Groupement Inter-Patronal du Cameroun (Gicam), C\u00e9lestin Tawamba. Les diff\u00e9rents \u00e9changes \u00e9taient orient\u00e9s sur la construction d\u2019une \u00e9conomie francophone. Lire aussi : Environnement [&hellip;]<\/p>\n","protected":false},"author":1969,"featured_media":0,"comment_status":"closed","ping_status":"closed","sticky":false,"template":"","format":"standard","meta":{"fifu_image_url":"","fifu_image_alt":"","footnotes":""},"categories":[82,78],"tags":[],"class_list":["post-125280","post","type-post","status-publish","format-standard","hentry","category-cameroun","category-economie"],"_links":{"self":[{"href":"https:\/\/linitiative.ca\/International\/wp-json\/wp\/v2\/posts\/125280","targetHints":{"allow":["GET"]}}],"collection":[{"href":"https:\/\/linitiative.ca\/International\/wp-json\/wp\/v2\/posts"}],"about":[{"href":"https:\/\/linitiative.ca\/International\/wp-json\/wp\/v2\/types\/post"}],"author":[{"embeddable":true,"href":"https:\/\/linitiative.ca\/International\/wp-json\/wp\/v2\/users\/1969"}],"replies":[{"embeddable":true,"href":"https:\/\/linitiative.ca\/International\/wp-json\/wp\/v2\/comments?post=125280"}],"version-history":[{"count":0,"href":"https:\/\/linitiative.ca\/International\/wp-json\/wp\/v2\/posts\/125280\/revisions"}],"wp:attachment":[{"href":"https:\/\/linitiative.ca\/International\/wp-json\/wp\/v2\/media?parent=125280"}],"wp:term":[{"taxonomy":"category","embeddable":true,"href":"https:\/\/linitiative.ca\/International\/wp-json\/wp\/v2\/categories?post=125280"},{"taxonomy":"post_tag","embeddable":true,"href":"https:\/\/linitiative.ca\/International\/wp-json\/wp\/v2\/tags?post=125280"}],"curies":[{"name":"wp","href":"https:\/\/api.w.org\/{rel}","templated":true}]}}