{"id":125281,"date":"2021-08-27T10:00:59","date_gmt":"2021-08-27T14:00:59","guid":{"rendered":"https:\/\/linitiative.ca\/International\/fes-sept-centres-dedies-a-la-formation-et-la-qualification-des-artisans\/"},"modified":"2021-08-27T10:00:59","modified_gmt":"2021-08-27T14:00:59","slug":"fes-sept-centres-dedies-a-la-formation-et-la-qualification-des-artisans","status":"publish","type":"post","link":"https:\/\/linitiative.ca\/International\/fes-sept-centres-dedies-a-la-formation-et-la-qualification-des-artisans\/","title":{"rendered":"F\u00e8s : Sept centres d\u00e9di\u00e9s \u00e0 la formation et la qualification des artisans"},"content":{"rendered":"<div>\n<p><img decoding=\"async\" width=\"300\" height=\"153\" src=\"https:\/\/linitiative.ca\/International\/wp-content\/uploads\/sites\/23\/2021\/08\/CFMA-300x153-1.jpg\" class=\"attachment-medium size-medium wp-post-image\" alt=\"\" loading=\"lazy\" srcset=\"\/\/aujourdhui.ma\/wp-content\/uploads\/2021\/08\/CFMA-300x153.jpg 300w, \/\/aujourdhui.ma\/wp-content\/uploads\/2021\/08\/CFMA-274x140.jpg 274w, \/\/aujourdhui.ma\/wp-content\/uploads\/2021\/08\/CFMA.jpg 746w, \/\/aujourdhui.ma\/wp-content\/uploads\/2021\/08\/CFMA-165x84.jpg 165w, \/\/aujourdhui.ma\/wp-content\/uploads\/2021\/08\/CFMA-702x358.jpg 702w\" sizes=\"auto, (max-width: 300px) 100vw, 300px\"><\/p>\n<p><span style=\"color: #800000;\"><strong>Sept \u00e9tablissements sp\u00e9cialis\u00e9s dispensent des formations dans diff\u00e9rents m\u00e9tiers de l\u2019artisanat au niveau de la pr\u00e9fecture de F\u00e8s, o\u00f9 le secteur constitue un v\u00e9ritable levier de l\u2019\u00e9conomie locale.<\/strong><\/span><span id=\"more-385209\"><\/span><\/p>\n<p>La capitale spirituelle, qui comptait \u00e0 fin mai dernier 219 entreprises op\u00e9rant dans le secteur de l\u2019artisanat, soit 20% du nombre total au niveau national, dispose d\u2019un institut sp\u00e9cialis\u00e9 dans les arts de l\u2019artisanat et d\u2019un centre de qualification professionnelle dans le secteur (Batha). Les futurs artisans peuvent aussi int\u00e9grer le centre de qualification dans les arts de l\u2019artisanat de Ain Qadous, les espaces d\u2019El Marja, Aouinate El Hajjaj et M\u2019salla sp\u00e9cialis\u00e9s dans la formation par apprentissage, outre le centre de suivi de la formation des artisans \u00e0 Tghat. Selon des chiffres de la direction r\u00e9gionale de l\u2019artisanat, 184 entreprises artisanales ont \u00e9t\u00e9 cr\u00e9\u00e9es entre 2006 et mai 2021, soit une hausse de 52 %. Le secteur compte \u00e9galement au niveau de la pr\u00e9fecture 22.472 unit\u00e9s productives et 270 coop\u00e9ratives. Cette \u00e9volution a \u00e9t\u00e9 accompagn\u00e9e d\u2019une croissance de la valeur des exportations du secteur qui est pass\u00e9e de 22,6 millions DH (MDH) en 2011 \u00e0 plus de 66 MDH en 2019, selon la m\u00eame source.<\/p>\n<p>Secteur cl\u00e9 de l\u2019\u00e9conomie de F\u00e8s- Mekn\u00e8s avec pr\u00e8s de 124.000 emplois, dont 80.000 dans la capitale spirituelle, l\u2019artisanat a subi les effets n\u00e9fastes du nouveau Coronavirus. Le chiffre d\u2019affaires du secteur a ainsi accus\u00e9 une baisse estim\u00e9e \u00e0 1,675 milliard DH pendant la p\u00e9riode de confinement, cons\u00e9cutive \u00e0 un recul de 68% des exportations, selon des chiffres du comit\u00e9 de veille \u00e9conomique de F\u00e8s-Mekn\u00e8s (CVE-FM).<\/p>\n<\/div>\n<p>Auteur: ALM<br \/>\n<a href=\"https:\/\/aujourdhui.ma\/actualite\/fes-sept-centres-dedies-a-la-formation-et-la-qualification-des-artisans\">Cliquez ici pour lire l&rsquo;article depuis sa source.<\/a><\/p>\n","protected":false},"excerpt":{"rendered":"<p>Sept \u00e9tablissements sp\u00e9cialis\u00e9s dispensent des formations dans diff\u00e9rents m\u00e9tiers de l\u2019artisanat au niveau de la pr\u00e9fecture de F\u00e8s, o\u00f9 le secteur constitue un v\u00e9ritable levier de l\u2019\u00e9conomie locale. La capitale spirituelle, qui comptait \u00e0 fin mai dernier 219 entreprises op\u00e9rant dans le secteur de l\u2019artisanat, soit 20% du nombre total au niveau national, dispose d\u2019un [&hellip;]<\/p>\n","protected":false},"author":1759,"featured_media":0,"comment_status":"closed","ping_status":"closed","sticky":false,"template":"","format":"standard","meta":{"fifu_image_url":"https:\/\/aujourdhui.ma\/wp-content\/uploads\/2021\/08\/CFMA-300x153.jpg","fifu_image_alt":"F\u00e8s : Sept centres d\u00e9di\u00e9s \u00e0 la formation et la qualification des artisans","footnotes":""},"categories":[73,54],"tags":[],"class_list":["post-125281","post","type-post","status-publish","format-standard","hentry","category-actualite","category-maroc"],"_links":{"self":[{"href":"https:\/\/linitiative.ca\/International\/wp-json\/wp\/v2\/posts\/125281","targetHints":{"allow":["GET"]}}],"collection":[{"href":"https:\/\/linitiative.ca\/International\/wp-json\/wp\/v2\/posts"}],"about":[{"href":"https:\/\/linitiative.ca\/International\/wp-json\/wp\/v2\/types\/post"}],"author":[{"embeddable":true,"href":"https:\/\/linitiative.ca\/International\/wp-json\/wp\/v2\/users\/1759"}],"replies":[{"embeddable":true,"href":"https:\/\/linitiative.ca\/International\/wp-json\/wp\/v2\/comments?post=125281"}],"version-history":[{"count":0,"href":"https:\/\/linitiative.ca\/International\/wp-json\/wp\/v2\/posts\/125281\/revisions"}],"wp:attachment":[{"href":"https:\/\/linitiative.ca\/International\/wp-json\/wp\/v2\/media?parent=125281"}],"wp:term":[{"taxonomy":"category","embeddable":true,"href":"https:\/\/linitiative.ca\/International\/wp-json\/wp\/v2\/categories?post=125281"},{"taxonomy":"post_tag","embeddable":true,"href":"https:\/\/linitiative.ca\/International\/wp-json\/wp\/v2\/tags?post=125281"}],"curies":[{"name":"wp","href":"https:\/\/api.w.org\/{rel}","templated":true}]}}