{"id":125283,"date":"2021-08-27T10:45:55","date_gmt":"2021-08-27T14:45:55","guid":{"rendered":"https:\/\/linitiative.ca\/International\/kelaa-des-sraghna-rencontre-de-communication-avec-les-mandataires-de-listes-de-candidature-aux-elections\/"},"modified":"2021-08-27T10:45:55","modified_gmt":"2021-08-27T14:45:55","slug":"kelaa-des-sraghna-rencontre-de-communication-avec-les-mandataires-de-listes-de-candidature-aux-elections","status":"publish","type":"post","link":"https:\/\/linitiative.ca\/International\/kelaa-des-sraghna-rencontre-de-communication-avec-les-mandataires-de-listes-de-candidature-aux-elections\/","title":{"rendered":"Kela\u00e2 des Sraghna : Rencontre de communication avec les mandataires de listes de candidature aux \u00e9lections"},"content":{"rendered":"<div>\n<p><img decoding=\"async\" width=\"300\" height=\"153\" src=\"https:\/\/linitiative.ca\/International\/wp-content\/uploads\/sites\/23\/2021\/08\/Installation-de-Hicham-Smahi-le-nouveau-gouverneur-de-la-Province-de-Kelaat-Sraghna-M-300x153-1.jpg\" class=\"attachment-medium size-medium wp-post-image\" alt=\"\" loading=\"lazy\" srcset=\"\/\/aujourdhui.ma\/wp-content\/uploads\/2021\/08\/Installation-de-Hicham-Smahi-le-nouveau-gouverneur-de-la-Province-de-Kelaat-Sraghna-M-300x153.jpg 300w, \/\/aujourdhui.ma\/wp-content\/uploads\/2021\/08\/Installation-de-Hicham-Smahi-le-nouveau-gouverneur-de-la-Province-de-Kelaat-Sraghna-M-274x140.jpg 274w, \/\/aujourdhui.ma\/wp-content\/uploads\/2021\/08\/Installation-de-Hicham-Smahi-le-nouveau-gouverneur-de-la-Province-de-Kelaat-Sraghna-M.jpg 746w, \/\/aujourdhui.ma\/wp-content\/uploads\/2021\/08\/Installation-de-Hicham-Smahi-le-nouveau-gouverneur-de-la-Province-de-Kelaat-Sraghna-M-165x84.jpg 165w, \/\/aujourdhui.ma\/wp-content\/uploads\/2021\/08\/Installation-de-Hicham-Smahi-le-nouveau-gouverneur-de-la-Province-de-Kelaat-Sraghna-M-702x358.jpg 702w\" sizes=\"auto, (max-width: 300px) 100vw, 300px\"><\/p>\n<p><span style=\"color: #800000;\"><strong>La province de Kela\u00e2 des Sraghna a tenu, mercredi au si\u00e8ge de la pr\u00e9fecture, une rencontre de communication avec les mandataires de listes de candidature aux \u00e9lections du 8 septembre.<\/strong><\/span><span id=\"more-385208\"><\/span><\/p>\n<p>Tenue en pr\u00e9sence du gouverneur de la province de Kela\u00e2 des Sraghna, Hicham Smahi, de responsables de la province et des agents d\u2019autorit\u00e9, cette rencontre a constitu\u00e9 une occasion pour informer les mandataires de listes de candidature aux prochaines \u00e9lections sur les mesures prises durant la campagne \u00e9lectorale en prenant en compte la conjoncture sanitaire exceptionnelle actuelle. Ces mesures recommandent de ne pas d\u00e9passer 25 personnes dans les rassemblements publics dans les espaces ferm\u00e9s et ouverts et \u00e9viter l\u2019organisation de meetings dans les espaces ouverts connaissant un encombrement, ainsi que l\u2019am\u00e9nagement de tentes dans les espaces publics. Il s\u2019agit aussi de ne pas d\u00e9passer 10 personnes au maximum lors des tourn\u00e9es \u00e9lectorales et d\u2019\u00e9viter la distribution de d\u00e9pliants aux \u00e9lecteurs dans les espaces publics ou leurs domiciles.<\/p>\n<p>Dans une allocution \u00e0 cette circonstance, M. Smahi a tenu \u00e0 rappeler que les mesures pr\u00e9ventives inscrites dans le cadre de l\u2019\u00e9tat d\u2019urgence sanitaire doivent \u00eatre prises en compte lors de ces \u00e9ch\u00e9ances \u00e9lectorales \u00e9tant donn\u00e9 que l\u2019enjeu de ces \u00e9lections doit tenir en compte \u00e0 la fois de la cons\u00e9cration du processus d\u00e9mocratique, mais aussi le souci du d\u00e9roulement de ces \u00e9ch\u00e9ances dans des conditions garantissant la protection de la sant\u00e9 des citoyens. Dans ce cadre, il a appel\u00e9 les mandataires de listes de candidature aux \u00e9lections de veiller \u00e0 la bonne mise en oeuvre de ces mesures afin de garantir la r\u00e9ussite de cette importante \u00e9tape d\u00e9mocratique, qui en d\u00e9coulera des institutions constitutionnelles fortes.<\/p>\n<p>Par la suite, il a \u00e9t\u00e9 proc\u00e9d\u00e9 au tirage au sort pour l\u2019exploitation des lieux r\u00e9serv\u00e9s aux affiches \u00e9lectorales des programmes des partis politiques participant aux \u00e9lections du 8 septembre prochain. A rappeler que la campagne \u00e9lectorale pour les \u00e9lections de septembre prochain d\u00e9butera \u00e0 la premi\u00e8re heure du jeudi 26 ao\u00fbt et se terminera \u00e0 minuit le mardi 7 septembre 2021.<\/p>\n<\/div>\n<p>Auteur: ALM<br \/>\n<a href=\"https:\/\/aujourdhui.ma\/actualite\/kelaa-des-sraghna-rencontre-de-communication-avec-les-mandataires-de-listes-de-candidature-aux-elections\">Cliquez ici pour lire l&rsquo;article depuis sa source.<\/a><\/p>\n","protected":false},"excerpt":{"rendered":"<p>La province de Kela\u00e2 des Sraghna a tenu, mercredi au si\u00e8ge de la pr\u00e9fecture, une rencontre de communication avec les mandataires de listes de candidature aux \u00e9lections du 8 septembre. Tenue en pr\u00e9sence du gouverneur de la province de Kela\u00e2 des Sraghna, Hicham Smahi, de responsables de la province et des agents d\u2019autorit\u00e9, cette rencontre [&hellip;]<\/p>\n","protected":false},"author":1759,"featured_media":0,"comment_status":"closed","ping_status":"closed","sticky":false,"template":"","format":"standard","meta":{"fifu_image_url":"https:\/\/aujourdhui.ma\/wp-content\/uploads\/2021\/08\/Installation-de-Hicham-Smahi-le-nouveau-gouverneur-de-la-Province-de-Kelaat-Sraghna-M-300x153.jpg","fifu_image_alt":"Kela\u00e2 des Sraghna : Rencontre de communication avec les mandataires de listes de candidature aux \u00e9lections","footnotes":""},"categories":[73,54],"tags":[],"class_list":["post-125283","post","type-post","status-publish","format-standard","hentry","category-actualite","category-maroc"],"_links":{"self":[{"href":"https:\/\/linitiative.ca\/International\/wp-json\/wp\/v2\/posts\/125283","targetHints":{"allow":["GET"]}}],"collection":[{"href":"https:\/\/linitiative.ca\/International\/wp-json\/wp\/v2\/posts"}],"about":[{"href":"https:\/\/linitiative.ca\/International\/wp-json\/wp\/v2\/types\/post"}],"author":[{"embeddable":true,"href":"https:\/\/linitiative.ca\/International\/wp-json\/wp\/v2\/users\/1759"}],"replies":[{"embeddable":true,"href":"https:\/\/linitiative.ca\/International\/wp-json\/wp\/v2\/comments?post=125283"}],"version-history":[{"count":0,"href":"https:\/\/linitiative.ca\/International\/wp-json\/wp\/v2\/posts\/125283\/revisions"}],"wp:attachment":[{"href":"https:\/\/linitiative.ca\/International\/wp-json\/wp\/v2\/media?parent=125283"}],"wp:term":[{"taxonomy":"category","embeddable":true,"href":"https:\/\/linitiative.ca\/International\/wp-json\/wp\/v2\/categories?post=125283"},{"taxonomy":"post_tag","embeddable":true,"href":"https:\/\/linitiative.ca\/International\/wp-json\/wp\/v2\/tags?post=125283"}],"curies":[{"name":"wp","href":"https:\/\/api.w.org\/{rel}","templated":true}]}}