{"id":125285,"date":"2021-08-27T11:00:59","date_gmt":"2021-08-27T15:00:59","guid":{"rendered":"https:\/\/linitiative.ca\/International\/souss-massa-mise-en-place-a-agadir-dun-2eme-hopital-de-campagne-pour-les-patients-du-covid-19\/"},"modified":"2021-08-27T11:00:59","modified_gmt":"2021-08-27T15:00:59","slug":"souss-massa-mise-en-place-a-agadir-dun-2eme-hopital-de-campagne-pour-les-patients-du-covid-19","status":"publish","type":"post","link":"https:\/\/linitiative.ca\/International\/souss-massa-mise-en-place-a-agadir-dun-2eme-hopital-de-campagne-pour-les-patients-du-covid-19\/","title":{"rendered":"Souss-Massa : Mise en place \u00e0 Agadir d\u2019un 2\u00e8me h\u00f4pital de campagne pour les patients du Covid-19"},"content":{"rendered":"<div>\n<p><img decoding=\"async\" width=\"300\" height=\"153\" src=\"https:\/\/linitiative.ca\/International\/wp-content\/uploads\/sites\/23\/2021\/08\/Reanimation-Hopital-Covid19-Coronavirus-300x153-1.jpg\" class=\"attachment-medium size-medium wp-post-image\" alt=\"\" loading=\"lazy\" srcset=\"\/\/aujourdhui.ma\/wp-content\/uploads\/2021\/08\/Reanimation-Hopital-Covid19-Coronavirus-300x153.jpg 300w, \/\/aujourdhui.ma\/wp-content\/uploads\/2021\/08\/Reanimation-Hopital-Covid19-Coronavirus-274x140.jpg 274w, \/\/aujourdhui.ma\/wp-content\/uploads\/2021\/08\/Reanimation-Hopital-Covid19-Coronavirus.jpg 746w, \/\/aujourdhui.ma\/wp-content\/uploads\/2021\/08\/Reanimation-Hopital-Covid19-Coronavirus-165x84.jpg 165w, \/\/aujourdhui.ma\/wp-content\/uploads\/2021\/08\/Reanimation-Hopital-Covid19-Coronavirus-702x358.jpg 702w\" sizes=\"auto, (max-width: 300px) 100vw, 300px\"><\/p>\n<p><span style=\"color: #800000;\"><strong>L\u2019offre de sant\u00e9 de la r\u00e9gion Souss-Massa s\u2019est renforc\u00e9e \u00e0 la faveur de la mise en place d\u2019un 2\u00e8 h\u00f4pital de campagne \u00e0 Agadir pour prendre en charge les personnes infect\u00e9es par le nouveau Coronavirus (Covid-19).<\/strong><\/span><span id=\"more-385214\"><\/span><\/p>\n<p>La mise en place de cet h\u00f4pital de campagne d\u2019une capacit\u00e9 de 104 lits et \u00e9quip\u00e9 de mat\u00e9riel et technologies modernes s\u2019inscrit dans le cadre des efforts continus pour faire face aux \u00e9volutions de la situation \u00e9pid\u00e9miologique au niveau national en g\u00e9n\u00e9ral et dans la r\u00e9gion du Souss-Massa en particulier, selon la direction r\u00e9gionale de la sant\u00e9. R\u00e9alis\u00e9e en partenariat avec le conseil de la r\u00e9gion Souss-Massa et les autorit\u00e9s locales, cette initiative vise \u00e9galement \u00e0 all\u00e9ger la pression sur les \u00e9tablissements hospitaliers d\u2019Agadir, compte tenu de l\u2019augmentation du nombre de cas du Covid-19.<\/p>\n<p>Cette structure de sant\u00e9 est dot\u00e9e de 48 cadres m\u00e9dicaux dont des infirmiers et des assistants mobilis\u00e9s selon une approche participative pour faire face \u00e0 la propagation de cette \u00e9pid\u00e9mie. \u00abCe 2\u00e8 h\u00f4pital de campagne souhaite contrer la p\u00e9nurie en mati\u00e8re de capacit\u00e9 d\u2019accueil des \u00e9tablissements hospitaliers dans la r\u00e9gion Souss-Massa\u00bb, a indiqu\u00e9 \u00e0 la MAP, le directeur du centre hospitalier r\u00e9gional d\u2019Agadir, Jamaa Ladame.<\/p>\n<p>\u00abCette nouvelle infrastructure m\u00e9dicale d\u2019une capacit\u00e9 de 104 lits, dont 20 sont destin\u00e9s aux cas critiques, permettra d\u2019assurer une meilleure prise en charge des patients dans l\u2019attente de l\u2019atteinte d\u2019une immunit\u00e9 collective\u00bb, a pr\u00e9cis\u00e9 le responsable. En novembre dernier, il a \u00e9t\u00e9 proc\u00e9d\u00e9 \u00e0 l\u2019installation \u00e0 Agadir d\u2019un premier h\u00f4pital de campagne d\u2019une capacit\u00e9 de 101 lits, destin\u00e9 \u00e0 la prise en charge des cas du Covid-19.<\/p>\n<\/div>\n<p>Auteur: ALM<br \/>\n<a href=\"https:\/\/aujourdhui.ma\/societe\/souss-massa-mise-en-place-a-agadir-dun-2eme-hopital-de-campagne-pour-les-patients-du-covid-19\">Cliquez ici pour lire l&rsquo;article depuis sa source.<\/a><\/p>\n","protected":false},"excerpt":{"rendered":"<p>L\u2019offre de sant\u00e9 de la r\u00e9gion Souss-Massa s\u2019est renforc\u00e9e \u00e0 la faveur de la mise en place d\u2019un 2\u00e8 h\u00f4pital de campagne \u00e0 Agadir pour prendre en charge les personnes infect\u00e9es par le nouveau Coronavirus (Covid-19). La mise en place de cet h\u00f4pital de campagne d\u2019une capacit\u00e9 de 104 lits et \u00e9quip\u00e9 de mat\u00e9riel et [&hellip;]<\/p>\n","protected":false},"author":1759,"featured_media":0,"comment_status":"closed","ping_status":"closed","sticky":false,"template":"","format":"standard","meta":{"fifu_image_url":"https:\/\/aujourdhui.ma\/wp-content\/uploads\/2021\/08\/Reanimation-Hopital-Covid19-Coronavirus-300x153.jpg","fifu_image_alt":"Souss-Massa : Mise en place \u00e0 Agadir d\u2019un 2\u00e8me h\u00f4pital de campagne pour les patients du Covid-19","footnotes":""},"categories":[73,54],"tags":[],"class_list":["post-125285","post","type-post","status-publish","format-standard","hentry","category-actualite","category-maroc"],"_links":{"self":[{"href":"https:\/\/linitiative.ca\/International\/wp-json\/wp\/v2\/posts\/125285","targetHints":{"allow":["GET"]}}],"collection":[{"href":"https:\/\/linitiative.ca\/International\/wp-json\/wp\/v2\/posts"}],"about":[{"href":"https:\/\/linitiative.ca\/International\/wp-json\/wp\/v2\/types\/post"}],"author":[{"embeddable":true,"href":"https:\/\/linitiative.ca\/International\/wp-json\/wp\/v2\/users\/1759"}],"replies":[{"embeddable":true,"href":"https:\/\/linitiative.ca\/International\/wp-json\/wp\/v2\/comments?post=125285"}],"version-history":[{"count":0,"href":"https:\/\/linitiative.ca\/International\/wp-json\/wp\/v2\/posts\/125285\/revisions"}],"wp:attachment":[{"href":"https:\/\/linitiative.ca\/International\/wp-json\/wp\/v2\/media?parent=125285"}],"wp:term":[{"taxonomy":"category","embeddable":true,"href":"https:\/\/linitiative.ca\/International\/wp-json\/wp\/v2\/categories?post=125285"},{"taxonomy":"post_tag","embeddable":true,"href":"https:\/\/linitiative.ca\/International\/wp-json\/wp\/v2\/tags?post=125285"}],"curies":[{"name":"wp","href":"https:\/\/api.w.org\/{rel}","templated":true}]}}