{"id":125287,"date":"2021-08-27T11:14:45","date_gmt":"2021-08-27T15:14:45","guid":{"rendered":"https:\/\/linitiative.ca\/International\/elections-communes-et-arrondissements-157-569-declarations-de-candidatures-au-niveau-national\/"},"modified":"2021-08-27T11:14:45","modified_gmt":"2021-08-27T15:14:45","slug":"elections-communes-et-arrondissements-157-569-declarations-de-candidatures-au-niveau-national","status":"publish","type":"post","link":"https:\/\/linitiative.ca\/International\/elections-communes-et-arrondissements-157-569-declarations-de-candidatures-au-niveau-national\/","title":{"rendered":"Elections\/Communes et arrondissements : 157.569 d\u00e9clarations de candidatures au niveau national"},"content":{"rendered":"<div>\n<p><img decoding=\"async\" width=\"300\" height=\"153\" src=\"https:\/\/linitiative.ca\/International\/wp-content\/uploads\/sites\/23\/2021\/08\/da38fb3e9ab6c2e76ef733d28da802c3fcb98f03-300x153-1.jpeg\" class=\"attachment-medium size-medium wp-post-image\" alt=\"\" loading=\"lazy\" srcset=\"\/\/aujourdhui.ma\/wp-content\/uploads\/2021\/08\/da38fb3e9ab6c2e76ef733d28da802c3fcb98f03-300x153.jpeg 300w, \/\/aujourdhui.ma\/wp-content\/uploads\/2021\/08\/da38fb3e9ab6c2e76ef733d28da802c3fcb98f03-274x140.jpeg 274w, \/\/aujourdhui.ma\/wp-content\/uploads\/2021\/08\/da38fb3e9ab6c2e76ef733d28da802c3fcb98f03.jpeg 746w, \/\/aujourdhui.ma\/wp-content\/uploads\/2021\/08\/da38fb3e9ab6c2e76ef733d28da802c3fcb98f03-165x84.jpeg 165w, \/\/aujourdhui.ma\/wp-content\/uploads\/2021\/08\/da38fb3e9ab6c2e76ef733d28da802c3fcb98f03-702x358.jpeg 702w\" sizes=\"auto, (max-width: 300px) 100vw, 300px\"><\/p>\n<p><span style=\"color: #800000;\"><strong>Le nombre des candidatures d\u00e9pos\u00e9es au niveau national, au titre de l\u2019\u00e9lection des membres des conseils des communes et d\u2019arrondissements pr\u00e9vue le 8 septembre prochain, s\u2019\u00e9l\u00e8ve \u00e0 157.569, dont 62.793 sous forme de listes et 94.776 sous forme de candidatures individuelles, soit une moyenne nationale de pr\u00e8s de 5 candidatures pour chaque si\u00e8ge, contre 130.925 candidatures en 2015, en hausse de plus de 20%, indique un communiqu\u00e9 du ministre de l\u2019Int\u00e9rieur.<\/strong><\/span><span id=\"more-385236\"><\/span><\/p>\n<p>Le nombre des candidatures f\u00e9minines aux conseils des communes a marqu\u00e9 une hausse par rapport aux \u00e9lections de 2015. Le nombre des candidates aux conseils des communes et des arrondissements pour le scrutin du 8 septembre 2021 s\u2019\u00e9l\u00e8ve \u00e0 47.060 (pr\u00e8s de 30% du nombre global des candidatures), dont 23.191 candidates aux conseils de communes dont les membres sont \u00e9lus au scrutin par liste et 23.869 dans les communes soumises au mode de scrutin individuel, ajoute le communiqu\u00e9.<\/p>\n<p>\u00a0<\/p>\n<p>Quant au nombre des conseillers communaux ayant pr\u00e9sent\u00e9 leurs candidatures aux \u00e9lections communales du 8 septembre 2021, il s\u2019\u00e9l\u00e8ve \u00e0 21.744, soit 69% de l\u2019ensemble des membres actuellement en fonction.<\/p>\n<p>\u00a0<\/p>\n<p>Par appartenance politique, les candidatures pr\u00e9sent\u00e9es se r\u00e9partissent comme suit:<\/p>\n<p>\u00a0<\/p>\n<p>Le Rassemblement national des ind\u00e9pendants: 25.492 candidatures (16,18%)<\/p>\n<p>\u00a0<\/p>\n<p>Le Parti authenticit\u00e9 et modernit\u00e9: 21.187 (13,45%)<\/p>\n<p>\u00a0<\/p>\n<p>Le Parti de l\u2019Istiqlal: 19.845 (12,59%)<\/p>\n<p>\u00a0<\/p>\n<p>L\u2019Union socialiste des forces populaires: 12.945 (8,22%)<\/p>\n<p>\u00a0<\/p>\n<p>Le Mouvement populaire: 12.221 (7,76%)<\/p>\n<p>\u00a0<\/p>\n<p>Le Parti du progr\u00e8s et du socialisme: 9.817 (6,23%)<\/p>\n<p>\u00a0<\/p>\n<p>L\u2019Union constitutionnelle 8.713 (5,53%)<\/p>\n<p>\u00a0<\/p>\n<p>Le Parti de la justice et du d\u00e9veloppement: 8.681 (5,51%)<\/p>\n<p>\u00a0<\/p>\n<p>Le Mouvement d\u00e9mocratique et social: 4.194 (2,66%)<\/p>\n<p>\u00a0<\/p>\n<p>Le Front des forces d\u00e9mocratiques: 3.858 (2,45%)<\/p>\n<p>\u00a0<\/p>\n<p>Alliance de la F\u00e9d\u00e9ration de la gauche: 3.543 (2,25%)<\/p>\n<p>\u00a0<\/p>\n<p>Le Parti socialiste unifi\u00e9: 2.912 (1,85%)<\/p>\n<p>\u00a0<\/p>\n<p>Le Parti des N\u00e9o-D\u00e9mocrates: 2.453 (1,55%)<\/p>\n<p>\u00a0<\/p>\n<p>Le Parti de l\u2019environnement et du d\u00e9veloppement durable: 1.934 (1,23%)<\/p>\n<p>\u00a0<\/p>\n<p>Le Parti de l\u2019\u00e9quit\u00e9: 1.893 (1,20%)<\/p>\n<p>\u00a0<\/p>\n<p>Le Parti marocain lib\u00e9ral: 1.810 (1,15%)<\/p>\n<p>\u00a0<\/p>\n<p>Parti de l\u2019unit\u00e9 et de la d\u00e9mocratie: 1.674 (1,06%)<\/p>\n<p>\u00a0<\/p>\n<p>Parti de l\u2019espoir: 1.608 (1,02%)<\/p>\n<p>\u00a0<\/p>\n<p>Parti du centre social: 1.552(0,98%)<\/p>\n<p>\u00a0<\/p>\n<p>Parti de la renaissance et de la vertu: 1.485 (0,94%)<\/p>\n<p>\u00a0<\/p>\n<p>Parti de la r\u00e9forme et du d\u00e9veloppement: 1.413 (0,90%)<\/p>\n<p>\u00a0<\/p>\n<p>Parti vert marocain: 1.369 (0,87%)<\/p>\n<p>\u00a0<\/p>\n<p>L\u2019Union marocaine pour la d\u00e9mocratie: 1.001 (0,64%)<\/p>\n<p>\u00a0<\/p>\n<p>Concernant les autres instances politiques, au nombre de 7 partis, le total de candidatures accr\u00e9dit\u00e9es a atteint 4.985.<\/p>\n<p>\u00a0<\/p>\n<p>Quant aux \u00e9lections des membres des Conseils communaux et des arrondissements, le nombre des candidats sans appartenance politique ne d\u00e9passe pas 1.002.\u00a0 Dans le cadre des \u00e9ch\u00e9ances \u00e9lectorales g\u00e9n\u00e9rales relatives \u00e0 l\u2019\u00e9lection des membres de la Chambre des repr\u00e9sentants et des membres des conseils des communes et des arrondissements et des membres des conseils r\u00e9gionaux, pr\u00e9vues le 8 septembre 2021, la p\u00e9riode consacr\u00e9e au d\u00e9p\u00f4t des d\u00e9clarations de candidature a pris fin mercredi 25 ao\u00fbt 2021. Cette op\u00e9ration s\u2019est d\u00e9roul\u00e9e dans des conditions normales, marqu\u00e9e par une affluence importante des citoyennes et de citoyens par rapport aux pr\u00e9c\u00e9dentes consultations \u00e9lectorales. Le nombre des formations politiques ayant pris part \u00e0 cette op\u00e9ration s\u2019\u00e9l\u00e8ve \u00e0 31 partis, y compris une alliance de partis fond\u00e9e \u00e0 l\u2019occasion de ces \u00e9lections.<\/p>\n<\/div>\n<p>Auteur: ALM<br \/>\n<a href=\"https:\/\/aujourdhui.ma\/actualite\/elections-communes-et-arrondissements-157-569-declarations-de-candidatures-au-niveau-national\">Cliquez ici pour lire l&rsquo;article depuis sa source.<\/a><\/p>\n","protected":false},"excerpt":{"rendered":"<p>Le nombre des candidatures d\u00e9pos\u00e9es au niveau national, au titre de l\u2019\u00e9lection des membres des conseils des communes et d\u2019arrondissements pr\u00e9vue le 8 septembre prochain, s\u2019\u00e9l\u00e8ve \u00e0 157.569, dont 62.793 sous forme de listes et 94.776 sous forme de candidatures individuelles, soit une moyenne nationale de pr\u00e8s de 5 candidatures pour chaque si\u00e8ge, contre 130.925 [&hellip;]<\/p>\n","protected":false},"author":1759,"featured_media":0,"comment_status":"closed","ping_status":"closed","sticky":false,"template":"","format":"standard","meta":{"fifu_image_url":"https:\/\/aujourdhui.ma\/wp-content\/uploads\/2021\/08\/da38fb3e9ab6c2e76ef733d28da802c3fcb98f03-300x153.jpeg","fifu_image_alt":"Elections\/Communes et arrondissements : 157.569 d\u00e9clarations de candidatures au niveau national","footnotes":""},"categories":[73,54],"tags":[],"class_list":["post-125287","post","type-post","status-publish","format-standard","hentry","category-actualite","category-maroc"],"_links":{"self":[{"href":"https:\/\/linitiative.ca\/International\/wp-json\/wp\/v2\/posts\/125287","targetHints":{"allow":["GET"]}}],"collection":[{"href":"https:\/\/linitiative.ca\/International\/wp-json\/wp\/v2\/posts"}],"about":[{"href":"https:\/\/linitiative.ca\/International\/wp-json\/wp\/v2\/types\/post"}],"author":[{"embeddable":true,"href":"https:\/\/linitiative.ca\/International\/wp-json\/wp\/v2\/users\/1759"}],"replies":[{"embeddable":true,"href":"https:\/\/linitiative.ca\/International\/wp-json\/wp\/v2\/comments?post=125287"}],"version-history":[{"count":0,"href":"https:\/\/linitiative.ca\/International\/wp-json\/wp\/v2\/posts\/125287\/revisions"}],"wp:attachment":[{"href":"https:\/\/linitiative.ca\/International\/wp-json\/wp\/v2\/media?parent=125287"}],"wp:term":[{"taxonomy":"category","embeddable":true,"href":"https:\/\/linitiative.ca\/International\/wp-json\/wp\/v2\/categories?post=125287"},{"taxonomy":"post_tag","embeddable":true,"href":"https:\/\/linitiative.ca\/International\/wp-json\/wp\/v2\/tags?post=125287"}],"curies":[{"name":"wp","href":"https:\/\/api.w.org\/{rel}","templated":true}]}}