{"id":125291,"date":"2021-08-26T14:00:00","date_gmt":"2021-08-26T18:00:00","guid":{"rendered":"https:\/\/linitiative.ca\/International\/le-president-de-la-rdc-prend-acte-des-preoccupations-dune-delegation-parlementaire-africaine-conduite-par-le-maroc\/"},"modified":"2021-08-26T14:00:00","modified_gmt":"2021-08-26T18:00:00","slug":"le-president-de-la-rdc-prend-acte-des-preoccupations-dune-delegation-parlementaire-africaine-conduite-par-le-maroc","status":"publish","type":"post","link":"https:\/\/linitiative.ca\/International\/le-president-de-la-rdc-prend-acte-des-preoccupations-dune-delegation-parlementaire-africaine-conduite-par-le-maroc\/","title":{"rendered":"Le Pr\u00e9sident de la RDC prend acte des pr\u00e9occupations d\u2019une d\u00e9l\u00e9gation parlementaire africaine conduite par le Maroc"},"content":{"rendered":"<div>\n<p class=\"has-text-align-center has-vivid-red-color has-text-color\"><strong>Dysfonctionnements du Parlement panafricain<\/strong><\/p>\n<p><strong>Le Pr\u00e9sident de la R\u00e9publique d\u00e9mocratique du Congo (RDC), F\u00e9lix Tshisekedi, a pris acte des pr\u00e9occupations d\u2019une d\u00e9l\u00e9gation parlementaire africaine conduite par le Maroc, au sujet des dysfonctionnements du Parlement panafricain (PAP), indique vendredi un communiqu\u00e9 de la Chambre des Repr\u00e9sentants. Dans le cadre de l\u2019initiative parlementaire africaine lanc\u00e9e sous la houlette du Parlement marocain, et qui a abouti \u00e0 l\u2019organisation \u00e0 Rabat, le 08 juillet 2021, d\u2019une r\u00e9union de concertation des Pr\u00e9sidents des Parlements nationaux africains, un Communiqu\u00e9 adopt\u00e9 par consensus a dress\u00e9 le bilan des dysfonctionnements inqui\u00e9tants ayant entach\u00e9 les travaux du Parlement Panafricain depuis mai 2021, rappelle la m\u00eame source, ajoutant que dans le prolongement de cette action et de la mise en \u0153uvre des recommandations formul\u00e9es \u00e0 travers ledit communiqu\u00e9, un Comit\u00e9 de suivi et de conciliation a \u00e9t\u00e9 re\u00e7u en audience, jeudi \u00e0 Kinshasa, par le Pr\u00e9sident de la RDC, en sa qualit\u00e9 de Pr\u00e9sident en exercice de l\u2019Union Africaine. Le Comit\u00e9 \u00e9tait constitu\u00e9 des Pr\u00e9sidents et repr\u00e9sentants des parlements de la RDC, de la R\u00e9publique du Congo, du Cameroun, du Mali, de la Gambie, de Madagascar, du S\u00e9n\u00e9gal et du Gabon, pr\u00e9cise le communiqu\u00e9, ajoutant que le Pr\u00e9sident de la Chambre des repr\u00e9sentants, Habib El Malki, \u00e9tait repr\u00e9sent\u00e9 \u00e0 cette audience par son Vice-pr\u00e9sident, Mohammed Touimi Benjelloun.<\/strong><\/p>\n<p class=\"has-black-color has-text-color\">Au nom du Comit\u00e9 de suivi et de conciliation, M. Benjelloun, a pass\u00e9 en revue les recommandations issues de la r\u00e9union de concertation tenue \u00e0 Rabat, en soulignant la n\u00e9cessit\u00e9 d\u2019affronter les causes et de tirer toutes les cons\u00e9quences de l\u2019\u00e9chec de la derni\u00e8re session du PAP, afin d\u2019aboutir \u00e0 une solution consensuelle, et relancer les activit\u00e9s statutaires de l\u2019institution, souligne le communiqu\u00e9. Le vice-pr\u00e9sident a \u00e9galement fait part au Pr\u00e9sident de la RDC de la volont\u00e9 unanime des membres du Comit\u00e9 de trouver un compromis, dans la s\u00e9r\u00e9nit\u00e9 et la coh\u00e9sion, en conciliant les points de vue des uns et des autres, afin d\u2019\u00e9viter la rupture et la division susceptibles de compromettre l\u2019acquis institutionnel pr\u00e9cieux que repr\u00e9sente le PAP pour les peuples du continent africain.<\/p>\n<p class=\"has-black-color has-text-color\">\u00c0 cet effet, le Comit\u00e9 a sollicit\u00e9 le concours du Pr\u00e9sident Tshisekedi, afin d\u2019entreprendre toute d\u00e9marche qu\u2019il jugera utile aupr\u00e8s de ses pairs et des instances de l\u2019Union africaine en vue d\u2019un d\u00e9nouement heureux de la crise, souligne le communiqu\u00e9 de la Chambre des repr\u00e9sentants. De son c\u00f4t\u00e9, le Pr\u00e9sident de la RDC, en saluant l\u2019initiative du Maroc, a exprim\u00e9 son profond regret par rapport \u00e0 ce qui s\u2019est pass\u00e9 lors de la 4 \u00e8me Assembl\u00e9e g\u00e9n\u00e9rale du PAP. \u00ab\u00a0De telles agissements renvoient une tr\u00e8s mauvaise image du continent\u00a0\u00bb, a affirm\u00e9 M. Tshisekedi, en exhortant les membres du Parlement panafricain \u00e0 d\u00e9passionner l\u2019incident qui s\u2019est produit \u00ab\u00a0pour privil\u00e9gier les hauts int\u00e9r\u00eats du Continent\u00a0\u00bb.<br \/>Tshisekedi s\u2019est engag\u00e9, pour sa part, \u00e0 relancer le Pr\u00e9sident de la Commission de l\u2019Union Africaine, en vue de l\u2019organisation d\u2019une r\u00e9union sp\u00e9ciale o\u00f9 seraient impliqu\u00e9s le Bureau de la Conf\u00e9rence des Pr\u00e9sidents et les Pr\u00e9sidents des Communaut\u00e9s \u00e9conomiques r\u00e9gionales \u00ab\u00a0pour formuler des orientations\u00a0\u00bb au sujet de la crise que traverse le PAP, conclut le communiqu\u00e9.<\/p>\n<p>L\u2019article <a rel=\"nofollow\" href=\"http:\/\/albayane.press.ma\/le-president-de-la-rdc-prend-acte-des-preoccupations-dune-delegation-parlementaire-africaine-conduite-par-le-maroc.html\">Le Pr\u00e9sident de la RDC prend acte des pr\u00e9occupations d\u2019une d\u00e9l\u00e9gation parlementaire africaine conduite par le Maroc<\/a> est apparu en premier sur <a rel=\"nofollow\" href=\"http:\/\/albayane.press.ma\/\">ALBAYANE<\/a>.<\/p>\n<\/div>\n<p>Auteur: M&rsquo;hammed rahal<br \/>\n<a href=\"http:\/\/albayane.press.ma\/le-president-de-la-rdc-prend-acte-des-preoccupations-dune-delegation-parlementaire-africaine-conduite-par-le-maroc.html\">Cliquez ici pour lire l&rsquo;article depuis sa source.<\/a><\/p>\n","protected":false},"excerpt":{"rendered":"<p>Dysfonctionnements du Parlement panafricain Le Pr\u00e9sident de la R\u00e9publique d\u00e9mocratique du Congo (RDC), F\u00e9lix Tshisekedi, a pris acte des pr\u00e9occupations d\u2019une d\u00e9l\u00e9gation parlementaire africaine conduite par le Maroc, au sujet des dysfonctionnements du Parlement panafricain (PAP), indique vendredi un communiqu\u00e9 de la Chambre des Repr\u00e9sentants. Dans le cadre de l\u2019initiative parlementaire africaine lanc\u00e9e sous la [&hellip;]<\/p>\n","protected":false},"author":1760,"featured_media":0,"comment_status":"closed","ping_status":"closed","sticky":false,"template":"","format":"standard","meta":{"fifu_image_url":"","fifu_image_alt":"","footnotes":""},"categories":[73,54],"tags":[],"class_list":["post-125291","post","type-post","status-publish","format-standard","hentry","category-actualite","category-maroc"],"_links":{"self":[{"href":"https:\/\/linitiative.ca\/International\/wp-json\/wp\/v2\/posts\/125291","targetHints":{"allow":["GET"]}}],"collection":[{"href":"https:\/\/linitiative.ca\/International\/wp-json\/wp\/v2\/posts"}],"about":[{"href":"https:\/\/linitiative.ca\/International\/wp-json\/wp\/v2\/types\/post"}],"author":[{"embeddable":true,"href":"https:\/\/linitiative.ca\/International\/wp-json\/wp\/v2\/users\/1760"}],"replies":[{"embeddable":true,"href":"https:\/\/linitiative.ca\/International\/wp-json\/wp\/v2\/comments?post=125291"}],"version-history":[{"count":0,"href":"https:\/\/linitiative.ca\/International\/wp-json\/wp\/v2\/posts\/125291\/revisions"}],"wp:attachment":[{"href":"https:\/\/linitiative.ca\/International\/wp-json\/wp\/v2\/media?parent=125291"}],"wp:term":[{"taxonomy":"category","embeddable":true,"href":"https:\/\/linitiative.ca\/International\/wp-json\/wp\/v2\/categories?post=125291"},{"taxonomy":"post_tag","embeddable":true,"href":"https:\/\/linitiative.ca\/International\/wp-json\/wp\/v2\/tags?post=125291"}],"curies":[{"name":"wp","href":"https:\/\/api.w.org\/{rel}","templated":true}]}}