{"id":125292,"date":"2021-08-26T14:00:00","date_gmt":"2021-08-26T18:00:00","guid":{"rendered":"https:\/\/linitiative.ca\/International\/du-talent-a-revendre-au-service-des-valeurs-de-la-gauche\/"},"modified":"2021-08-26T14:00:00","modified_gmt":"2021-08-26T18:00:00","slug":"du-talent-a-revendre-au-service-des-valeurs-de-la-gauche","status":"publish","type":"post","link":"https:\/\/linitiative.ca\/International\/du-talent-a-revendre-au-service-des-valeurs-de-la-gauche\/","title":{"rendered":"Du talent \u00e0 revendre au service des valeurs de la gauche"},"content":{"rendered":"<div>\n<p class=\"has-text-align-center has-vivid-red-color has-text-color\"><strong>Khadija Arouhal, l\u2019ic\u00f4ne amazighe<\/strong><\/p>\n<p class=\"has-text-align-right has-black-color has-text-color\"><strong>Saoudi El Amalki<\/strong><\/p>\n<p class=\"has-black-color has-text-color\"><strong>Khadija Arouhal est candidate aux l\u00e9gislatives, \u00e9lue par ses camarades pour y si\u00e9ger pour le mandat \u00e0 venir. Une \u00e9lection de choix pour une femme tonitruante qui a d\u00e9j\u00e0 fait ses preuves, en tant que vice-pr\u00e9sidente du conseil r\u00e9gional de Souss Massa. Durant son passage dans cette institution, elle avait fait \u00a0montre de beaucoup d\u2019engouement et de verve, au point d\u2019impressionner aussi bien les composantes r\u00e9gionales que nationales. Dot\u00e9e de qualit\u00e9s humaines hors pairs, elle fut appr\u00e9ci\u00e9e surtout par son humilit\u00e9, son int\u00e9grit\u00e9 et son aura qui fait rejaillir le sens de l\u2019humanisme, au point de se hisser aux avant-postes de la gestion publiques. Son courage et son affabilit\u00e9 sans limite suscitent estime et \u00a0admiration de son entourage et lui conf\u00e8rent \u00e9galement tout respect et reconnaissance. \u00c9voluant exclusivement dans la soci\u00e9t\u00e9 civile, en tant que militante de l\u2019amazighit\u00e9 et de la m\u00e9diatisation, elle n\u2019enfourchait la sc\u00e8ne politique qu\u2019en 2015, sous l\u2019\u00e9tendard du PPS, dans la capitale de l\u2019orf\u00e8vrerie blanche.<\/strong><\/p>\n<p class=\"has-black-color has-text-color\">Et, depuis, elle ne cessait de faire preuve d\u2019attachement au parti auquel elle vouait ses dons de femme libre, audacieuse et p\u00e9tillante. Ses talents artistiques, en tant que po\u00e9tesse et pr\u00e9sentatrice d\u2019\u00e9missions t\u00e9l\u00e9visuelles lui requi\u00e8rent pareillement du backround dans sa vie d\u00e9sormais polyvalente. Sa magnanimit\u00e9 envers les couches d\u00e9munies dans les montagnes et les patelins recul\u00e9s lui valent aussi une rapide ascension dans l\u2019\u00e9chelon de la responsabilit\u00e9 partisan, puisqu\u2019elle s\u2019\u00e9rige, il y a quelques mois, \u00e0 la t\u00eate des structures du parti \u00e0 Tiznit, en tant que la premi\u00e8re secr\u00e9taire provinciale, apr\u00e8s \u00eatre \u00e9lue membre du comit\u00e9 central lors du 10<sup>\u00e8me<\/sup> congr\u00e8s national du PPS.<\/p>\n<p class=\"has-black-color has-text-color\">Aujourd\u2019hui, elle postule \u00e0 un si\u00e8ge dans l\u2019h\u00e9micycle, avec le soutien de ses camarades, de ses fans et de ses proches qui, sans doute, ne m\u00e9nageront aucun effort pour lui d\u00e9dier leurs voix. Khadija Arouhal, une amazigh authentique, une femme tr\u00e8s fi\u00e8re de sa f\u00e9minit\u00e9, une militante \u00e0 part enti\u00e8re, m\u00e9rite bien ce poste sacr\u00e9 auquel elle aspire pour s\u2019armer de plus de moyens institutionnels afin d\u2019\u00eatre plus apte \u00e0 d\u00e9fendre les int\u00e9r\u00eats des populations de la r\u00e9gion natale, mais aussi ceux de tous les marocains du royaume, en particulier les d\u00e9sh\u00e9rit\u00e9s et surtout ses semblables du sexe f\u00e9minin. Khadija Arouhal, la flamme illumin\u00e9e du Souss sollicite alors l\u2019appui de ceux et celles qui la connaissent et l\u2019affectionnent de par les vertus qu\u2019elle n\u2019arr\u00eate jamais de s\u00e9cr\u00e9ter au quotidien. Durant tout son mandat r\u00e9gional, elle n\u2019a jamais cess\u00e9 de repousser les harc\u00e8lements politiciens et les tentations pernicieuses de nombre de partis peu scrupuleux. Mais, elle demeure fid\u00e8le \u00e0 son parti, s\u2019en montre imperturbable et de ce fait, elle en gagne toute la consid\u00e9ration d\u2019autrui.<\/p>\n<p>L\u2019article <a rel=\"nofollow\" href=\"http:\/\/albayane.press.ma\/du-talent-a-revendre-au-service-des-valeurs-de-la-gauche.html\">Du talent \u00e0 revendre au service des valeurs de la gauche<\/a> est apparu en premier sur <a rel=\"nofollow\" href=\"http:\/\/albayane.press.ma\/\">ALBAYANE<\/a>.<\/p>\n<\/div>\n<p>Auteur: M&rsquo;hammed rahal<br \/>\n<a href=\"http:\/\/albayane.press.ma\/du-talent-a-revendre-au-service-des-valeurs-de-la-gauche.html\">Cliquez ici pour lire l&rsquo;article depuis sa source.<\/a><\/p>\n","protected":false},"excerpt":{"rendered":"<p>Khadija Arouhal, l\u2019ic\u00f4ne amazighe Saoudi El Amalki Khadija Arouhal est candidate aux l\u00e9gislatives, \u00e9lue par ses camarades pour y si\u00e9ger pour le mandat \u00e0 venir. Une \u00e9lection de choix pour une femme tonitruante qui a d\u00e9j\u00e0 fait ses preuves, en tant que vice-pr\u00e9sidente du conseil r\u00e9gional de Souss Massa. Durant son passage dans cette institution, [&hellip;]<\/p>\n","protected":false},"author":1760,"featured_media":0,"comment_status":"closed","ping_status":"closed","sticky":false,"template":"","format":"standard","meta":{"fifu_image_url":"","fifu_image_alt":"","footnotes":""},"categories":[73,54],"tags":[],"class_list":["post-125292","post","type-post","status-publish","format-standard","hentry","category-actualite","category-maroc"],"_links":{"self":[{"href":"https:\/\/linitiative.ca\/International\/wp-json\/wp\/v2\/posts\/125292","targetHints":{"allow":["GET"]}}],"collection":[{"href":"https:\/\/linitiative.ca\/International\/wp-json\/wp\/v2\/posts"}],"about":[{"href":"https:\/\/linitiative.ca\/International\/wp-json\/wp\/v2\/types\/post"}],"author":[{"embeddable":true,"href":"https:\/\/linitiative.ca\/International\/wp-json\/wp\/v2\/users\/1760"}],"replies":[{"embeddable":true,"href":"https:\/\/linitiative.ca\/International\/wp-json\/wp\/v2\/comments?post=125292"}],"version-history":[{"count":0,"href":"https:\/\/linitiative.ca\/International\/wp-json\/wp\/v2\/posts\/125292\/revisions"}],"wp:attachment":[{"href":"https:\/\/linitiative.ca\/International\/wp-json\/wp\/v2\/media?parent=125292"}],"wp:term":[{"taxonomy":"category","embeddable":true,"href":"https:\/\/linitiative.ca\/International\/wp-json\/wp\/v2\/categories?post=125292"},{"taxonomy":"post_tag","embeddable":true,"href":"https:\/\/linitiative.ca\/International\/wp-json\/wp\/v2\/tags?post=125292"}],"curies":[{"name":"wp","href":"https:\/\/api.w.org\/{rel}","templated":true}]}}