{"id":125293,"date":"2021-08-26T14:00:00","date_gmt":"2021-08-26T18:00:00","guid":{"rendered":"https:\/\/linitiative.ca\/International\/la-folie-militariste\/"},"modified":"2021-08-26T14:00:00","modified_gmt":"2021-08-26T18:00:00","slug":"la-folie-militariste","status":"publish","type":"post","link":"https:\/\/linitiative.ca\/International\/la-folie-militariste\/","title":{"rendered":"La folie militariste !"},"content":{"rendered":"<div>\n<p class=\"has-black-color has-text-color\"><strong>Pourquoi l\u2019Alg\u00e9rie a-t-elle rompu les relations diplomatiques avec le Maroc\u00a0? Quels sont les dessous r\u00e9els d\u2019une telle d\u00e9cision\u00a0? Il est bien \u00e9vident que le torchon br\u00fble entre les deux contr\u00e9es frontali\u00e8res, depuis pr\u00e8s d\u2019un demi-si\u00e8cle, quasiment \u00e0 cause de la persistance de la junte alg\u00e9rienne \u00e0 s\u2019en prendre \u00e0 son voisin pour des raisons de leadership sur la r\u00e9gion. Il n\u2019en demeure pas moins vrai que son attitude rev\u00eat d\u00e9sormais, une ampleur telle qu\u2019elle est pratiquement hors d\u2019\u00e9tat de raisonner. Aussi bien l\u2019implosion endog\u00e8ne, guettant le pays \u00e0 tout moment, men\u00e9e par des manifestants en forte \u00e9bullition contre un r\u00e9gime chancelant, que la d\u00e9convenue exog\u00e8ne, occasionn\u00e9e par les airsillusionnistes dont elle ne cesse de se nourrir, \u00e0 partir de l\u2019adoption d\u2019une bande de s\u00e9paratistes et d\u2019en faire le cheval de Troie\u00e0parvenir, en vain, \u00e0 ses fins expansionnistes. Il va sans dire qu\u2019\u00e0 travers l\u2019histoire r\u00e9volue, un \u00a0syst\u00e8me militariste et totalitaire finit toujours par perdre la boussole, en raison de sa nature martiale. <\/strong><\/p>\n<p class=\"has-black-color has-text-color\">Le mirage du Sahara pour lequel elle fondait tous ses espoirs voraces, s\u2019estompait tel un f\u00e9tu de paille et lui devenait \u00e0 la longue, source de malheur, au point qu\u2019elle ne peut plus s\u2019enlib\u00e9rer par humiliation exacerbante. Le comble c\u2019est que, pendant que la junte ne m\u00e9nage aucun effort pour nuire \u00e0 son \u00abrival\u00bb, elle est irrit\u00e9e \u00e0 mort par les grandes avanc\u00e9es que notre pays r\u00e9alise dans tous les domaines diplomatique, socio-\u00e9conomique, \u00e9cologique et culturel. Profond\u00e9ment mortifi\u00e9e par cette dynamique qui impressionne le monde entier, elle trouve de la peine \u00e0 sortir du tunnel noir dans lequel elle s\u2019est engouffr\u00e9e, de par son animosit\u00e9 excessivement attis\u00e9e. Feu Le Roi Hassan II avait bien dit que\u00a0\u00ab\u00a0le Maroc est bel et bien dans son Sahara, mais son probl\u00e8me est que son destin le liait \u00e0 un voisin maudit\u00a0\u00bb. Jusqu\u2019o\u00f9 irait la soldatesque alg\u00e9rienne dans ses folies\u00a0?C\u2019est bien la question qui intrigue, non seulement le Maroc, mais \u00e9galement son entourage tant en Afrique qu\u2019en Europe et, \u00e0 fortiori, la communaut\u00e9 internationale, dans cette zone sensible. L\u2019instabilit\u00e9 de la r\u00e9gion infest\u00e9e d\u00e9j\u00e0 par des terroristes, mercenaires, trafiquants d\u2019armes et de came, est fortement candidate \u00e0 davantage de prolif\u00e9ration si on ne met pas un terme \u00e0 l\u2019\u00e9garement militaire alg\u00e9rien. Ce n\u2019est plus l\u2019affaire du Maroc, mais de tout ce beau monde\u00a0!<\/p>\n<p>L\u2019article <a rel=\"nofollow\" href=\"http:\/\/albayane.press.ma\/la-folie-militariste.html\">La folie militariste !<\/a> est apparu en premier sur <a rel=\"nofollow\" href=\"http:\/\/albayane.press.ma\/\">ALBAYANE<\/a>.<\/p>\n<\/div>\n<p>Auteur: M&rsquo;hammed rahal<br \/>\n<a href=\"http:\/\/albayane.press.ma\/la-folie-militariste.html\">Cliquez ici pour lire l&rsquo;article depuis sa source.<\/a><\/p>\n","protected":false},"excerpt":{"rendered":"<p>Pourquoi l\u2019Alg\u00e9rie a-t-elle rompu les relations diplomatiques avec le Maroc\u00a0? Quels sont les dessous r\u00e9els d\u2019une telle d\u00e9cision\u00a0? Il est bien \u00e9vident que le torchon br\u00fble entre les deux contr\u00e9es frontali\u00e8res, depuis pr\u00e8s d\u2019un demi-si\u00e8cle, quasiment \u00e0 cause de la persistance de la junte alg\u00e9rienne \u00e0 s\u2019en prendre \u00e0 son voisin pour des raisons de [&hellip;]<\/p>\n","protected":false},"author":1760,"featured_media":0,"comment_status":"closed","ping_status":"closed","sticky":false,"template":"","format":"standard","meta":{"fifu_image_url":"","fifu_image_alt":"","footnotes":""},"categories":[73,54],"tags":[],"class_list":["post-125293","post","type-post","status-publish","format-standard","hentry","category-actualite","category-maroc"],"_links":{"self":[{"href":"https:\/\/linitiative.ca\/International\/wp-json\/wp\/v2\/posts\/125293","targetHints":{"allow":["GET"]}}],"collection":[{"href":"https:\/\/linitiative.ca\/International\/wp-json\/wp\/v2\/posts"}],"about":[{"href":"https:\/\/linitiative.ca\/International\/wp-json\/wp\/v2\/types\/post"}],"author":[{"embeddable":true,"href":"https:\/\/linitiative.ca\/International\/wp-json\/wp\/v2\/users\/1760"}],"replies":[{"embeddable":true,"href":"https:\/\/linitiative.ca\/International\/wp-json\/wp\/v2\/comments?post=125293"}],"version-history":[{"count":0,"href":"https:\/\/linitiative.ca\/International\/wp-json\/wp\/v2\/posts\/125293\/revisions"}],"wp:attachment":[{"href":"https:\/\/linitiative.ca\/International\/wp-json\/wp\/v2\/media?parent=125293"}],"wp:term":[{"taxonomy":"category","embeddable":true,"href":"https:\/\/linitiative.ca\/International\/wp-json\/wp\/v2\/categories?post=125293"},{"taxonomy":"post_tag","embeddable":true,"href":"https:\/\/linitiative.ca\/International\/wp-json\/wp\/v2\/tags?post=125293"}],"curies":[{"name":"wp","href":"https:\/\/api.w.org\/{rel}","templated":true}]}}