{"id":125294,"date":"2021-08-26T14:00:00","date_gmt":"2021-08-26T18:00:00","guid":{"rendered":"https:\/\/linitiative.ca\/International\/les-indigenes-en-marche-vers-la-cour-supreme-pour-leurs-terres\/"},"modified":"2021-08-26T14:00:00","modified_gmt":"2021-08-26T18:00:00","slug":"les-indigenes-en-marche-vers-la-cour-supreme-pour-leurs-terres","status":"publish","type":"post","link":"https:\/\/linitiative.ca\/International\/les-indigenes-en-marche-vers-la-cour-supreme-pour-leurs-terres\/","title":{"rendered":"Les indig\u00e8nes en marche vers la Cour supr\u00eame pour leurs terres"},"content":{"rendered":"<div>\n<p class=\"has-text-align-center has-vivid-red-color has-text-color\"><strong>Br\u00e9sil<\/strong><\/p>\n<p class=\"has-text-align-left has-black-color has-text-color\"><strong>Des milliers d\u2019indig\u00e8nes en tenue traditionnelle \u00e9taient en marche mercredi apr\u00e8s-midi \u00e0 Brasilia vers la Cour supr\u00eame qui doit rendre un jugement crucial sur leurs terres ancestrales.<\/strong><\/p>\n<p class=\"has-text-align-left has-black-color has-text-color\">Quelque 6.000 membres de 170 tribus, beaucoup portant des coiffes en plumes et brandissant des arcs et des fl\u00e8ches, sont partis vers le si\u00e8ge de la plus haute juridiction br\u00e9silienne, esp\u00e9rant faire pression sur ses 11 juges.<br \/>Il s\u2019agit de la plus importante manifestation d\u2019indig\u00e8nes jamais organis\u00e9e au Br\u00e9sil, selon l\u2019Association des peuples indig\u00e8nes du Br\u00e9sil (Apib) qui coordonne la mobilisation.<\/p>\n<p class=\"has-text-align-left has-black-color has-text-color\">Depuis dimanche, des milliers d\u2019autochtones au corps souvent peint ont dress\u00e9 des tentes, chantant et dansant pr\u00e8s des \u00e9difices modernistes du palais pr\u00e9sidentiel, de la Cour supr\u00eame et du Parlement.<\/p>\n<p class=\"has-text-align-left has-black-color has-text-color\">Ces rassemblements chatoyants se tiennent pour l\u2019instant dans le calme, les organisateurs ayant appel\u00e9 les manifestants \u00e0 ne pas s\u2019affronter \u00e0 la police anti-\u00e9meute qui se trouve sur les lieux.<br \/>En juin, des manifestations pour leurs terres d\u2019indig\u00e8nes avaient d\u00e9g\u00e9n\u00e9r\u00e9. Trois manifestants avaient \u00e9t\u00e9 bless\u00e9s, de m\u00eame que trois policiers, par des fl\u00e8ches.<\/p>\n<p class=\"has-text-align-left has-black-color has-text-color\">La d\u00e9cision de la Cour pourrait ne pas \u00eatre connue dans la journ\u00e9e, ni m\u00eame cette semaine.<br \/>Les juges doivent confirmer ou rejeter la \u00ab\u00a0th\u00e8se temporelle\u00a0\u00bb qui ne reconna\u00eet comme ancestrales que les terres qui \u00e9taient occup\u00e9es par les indig\u00e8nes quand a \u00e9t\u00e9 promulgu\u00e9e la Constitution, en 1988.<br \/>Or de nombreuses tribus ont \u00e9t\u00e9 d\u00e9plac\u00e9es lors des soubresauts de l\u2019histoire br\u00e9silienne, notamment sous le r\u00e9gime militaire (1964-85). De retour sur leurs terres, celles-ci r\u00e9clament la protection du statut accord\u00e9 aux r\u00e9serves, auquel est oppos\u00e9 le puissant lobby br\u00e9silien de l\u2019agron\u00e9goce.<\/p>\n<p class=\"has-text-align-left has-black-color has-text-color\">\u00ab\u00a0Pendant la dictature militaire, l\u2019Etat a vendu nos terres \u00e0 des fermiers. Ils nous ont expuls\u00e9s, c\u2019est la raison pour laquelle nous n\u2019\u00e9tions pas l\u00e0\u00a0\u00bb en 1988, a expliqu\u00e9 \u00e0 l\u2019AFP Ana Patte, une militante de l\u2019ethnie Xokleng.<br \/>\u00ab\u00a0Ils nous ont tu\u00e9s comme si nous \u00e9tions des insectes dont ils devaient se d\u00e9barrasser pour faire des cultures (sur nos terres)\u00a0\u00bb.<\/p>\n<p class=\"has-text-align-left has-black-color has-text-color\">C\u2019est en tranchant sur le cas sp\u00e9cifique d\u2019une r\u00e9serve de l\u2019Etat de Santa Catarina (sud) \u2014 d\u00e9cider si la \u00ab\u00a0th\u00e8se temporelle\u00a0\u00bb s\u2019y applique ou non \u2014 que la Cour supr\u00eame rendra un jugement qui concernera par ricochet des dizaines, voire des centaines, d\u2019autres r\u00e9serves objets de litiges depuis des ann\u00e9es.<\/p>\n<p class=\"has-text-align-left has-black-color has-text-color\">Le pr\u00e9sident Jair Bolsonaro a d\u00e9j\u00e0 averti que surviendrait \u00ab\u00a0le chaos\u00a0\u00bb si la \u00ab\u00a0th\u00e8se temporelle\u00a0\u00bb, favorable aussi aux activit\u00e9s de d\u00e9forestation et de prospection mini\u00e8re ill\u00e9gales, n\u2019\u00e9tait pas confirm\u00e9e par la Cour supr\u00eame. Il a affirm\u00e9 par le pass\u00e9 qu\u2019il ne c\u00e8derait jamais 1 cm2 de terres aux indig\u00e8nes.<\/p>\n<p class=\"has-text-align-left has-black-color has-text-color\">\u00ab\u00a0Si la Cour supr\u00eame accepte la +th\u00e8se temporelle+, cela pourrait l\u00e9gitimer la violence contre les peuples indig\u00e8nes et exacerber les conflits dans la for\u00eat amazonienne et d\u2019autres r\u00e9gions\u00a0\u00bb, a averti Francisco Cali Tzay, rapporteur sp\u00e9cial de l\u2019ONU pour les droits des peuples indig\u00e8nes.<br \/>\u00ab\u00a0Tout le Br\u00e9sil est un territoire indig\u00e8ne\u00a0\u00bb, a d\u00e9clar\u00e9 \u00e0 l\u2019AFP Tai Kariri, 28 ans, chef de la tribu Kariri, dans l\u2019Etat de Paraiba (nord-est), \u00ab\u00a0nous avons toujours v\u00e9cu l\u00e0\u00a0\u00bb.<\/p>\n<p class=\"has-text-align-left has-black-color has-text-color\">Les manifestants protestent \u00e9galement contre ce qu\u2019ils estiment \u00eatre des violations syst\u00e9matiques de leurs droits depuis la prise de fonction en janvier 2019 du pr\u00e9sident d\u2019extr\u00eame droite.<br \/>\u00ab\u00a0Ce gouvernement attaque les peuples indig\u00e8nes\u00a0\u00bb, d\u00e9clare \u00e0 l\u2019AFP Syrata Pataxo, un chef de 32 ans des Pataxo, tribu de l\u2019Etat de Bahia (nord-est).<\/p>\n<p class=\"has-text-align-left has-black-color has-text-color\">\u00ab\u00a0Aujourd\u2019hui toute l\u2019humanit\u00e9 appelle \u00e0 la protection de la for\u00eat amazonienne. Mais le gouvernement veut que notre for\u00eat, le poumon de la plan\u00e8te, soit remplac\u00e9e par les cultures de soja et l\u2019extraction d\u2019or\u00a0\u00bb, dit l\u2019indig\u00e8ne dont le corps est peint de motifs \u00e9labor\u00e9s.<\/p>\n<p class=\"has-text-align-left has-black-color has-text-color\">Jair Bolsonaro soutient un projet de loi qui ouvrirait les terres indig\u00e8nes \u00e0 l\u2019exploitation des ressources naturelles.<br \/>Deux autres propositions de loi sont d\u00e9cri\u00e9es par les tribus comme encourageant \u00ab\u00a0les invasions\u00a0\u00bb de leurs terres. L\u2019une pr\u00f4ne la r\u00e9gularisation des occupations ill\u00e9gales de terres par des orpailleurs, b\u00fbcherons ou \u00e9leveurs.<\/p>\n<p class=\"has-text-align-left has-black-color has-text-color\">Pour les d\u00e9fenseurs de l\u2019environnement, la protection des terres indig\u00e8nes est aussi le moyen d\u2019enrayer la destruction de l\u2019Amazonie, victime d\u2019une d\u00e9forestation record sous Bolsonaro.<br \/>Les quelque 900.000 indig\u00e8nes du Br\u00e9sil repr\u00e9sentent 0,5% des 212 millions d\u2019habitants et leurs terres s\u2019\u00e9tendent sur 13% du territoire de l\u2019immense pays.<\/p>\n<p>L\u2019article <a rel=\"nofollow\" href=\"http:\/\/albayane.press.ma\/les-indigenes-en-marche-vers-la-cour-supreme-pour-leurs-terres.html\">Les indig\u00e8nes en marche vers la Cour supr\u00eame pour leurs terres<\/a> est apparu en premier sur <a rel=\"nofollow\" href=\"http:\/\/albayane.press.ma\/\">ALBAYANE<\/a>.<\/p>\n<\/div>\n<p>Auteur: M&rsquo;hammed rahal<br \/>\n<a href=\"http:\/\/albayane.press.ma\/les-indigenes-en-marche-vers-la-cour-supreme-pour-leurs-terres.html\">Cliquez ici pour lire l&rsquo;article depuis sa source.<\/a><\/p>\n","protected":false},"excerpt":{"rendered":"<p>Br\u00e9sil Des milliers d\u2019indig\u00e8nes en tenue traditionnelle \u00e9taient en marche mercredi apr\u00e8s-midi \u00e0 Brasilia vers la Cour supr\u00eame qui doit rendre un jugement crucial sur leurs terres ancestrales. Quelque 6.000 membres de 170 tribus, beaucoup portant des coiffes en plumes et brandissant des arcs et des fl\u00e8ches, sont partis vers le si\u00e8ge de la plus [&hellip;]<\/p>\n","protected":false},"author":1760,"featured_media":0,"comment_status":"closed","ping_status":"closed","sticky":false,"template":"","format":"standard","meta":{"fifu_image_url":"","fifu_image_alt":"","footnotes":""},"categories":[73,54],"tags":[],"class_list":["post-125294","post","type-post","status-publish","format-standard","hentry","category-actualite","category-maroc"],"_links":{"self":[{"href":"https:\/\/linitiative.ca\/International\/wp-json\/wp\/v2\/posts\/125294","targetHints":{"allow":["GET"]}}],"collection":[{"href":"https:\/\/linitiative.ca\/International\/wp-json\/wp\/v2\/posts"}],"about":[{"href":"https:\/\/linitiative.ca\/International\/wp-json\/wp\/v2\/types\/post"}],"author":[{"embeddable":true,"href":"https:\/\/linitiative.ca\/International\/wp-json\/wp\/v2\/users\/1760"}],"replies":[{"embeddable":true,"href":"https:\/\/linitiative.ca\/International\/wp-json\/wp\/v2\/comments?post=125294"}],"version-history":[{"count":0,"href":"https:\/\/linitiative.ca\/International\/wp-json\/wp\/v2\/posts\/125294\/revisions"}],"wp:attachment":[{"href":"https:\/\/linitiative.ca\/International\/wp-json\/wp\/v2\/media?parent=125294"}],"wp:term":[{"taxonomy":"category","embeddable":true,"href":"https:\/\/linitiative.ca\/International\/wp-json\/wp\/v2\/categories?post=125294"},{"taxonomy":"post_tag","embeddable":true,"href":"https:\/\/linitiative.ca\/International\/wp-json\/wp\/v2\/tags?post=125294"}],"curies":[{"name":"wp","href":"https:\/\/api.w.org\/{rel}","templated":true}]}}